{"id":664177,"date":"2025-12-22T10:21:22","date_gmt":"2025-12-22T10:21:22","guid":{"rendered":"https:\/\/www.europesays.com\/de\/664177\/"},"modified":"2025-12-22T10:21:22","modified_gmt":"2025-12-22T10:21:22","slug":"atomar-betriebener-flugzeugtraeger-baustart-fuer-groesstes-kriegsschiff-europas","status":"publish","type":"post","link":"https:\/\/www.europesays.com\/de\/664177\/","title":{"rendered":"Atomar betriebener Flugzeugtr\u00e4ger: Baustart f\u00fcr gr\u00f6\u00dftes Kriegsschiff Europas"},"content":{"rendered":"<p>\t\t\t\t\t<img loading=\"lazy\" decoding=\"async\" width=\"2560\" height=\"1707\" src=\"https:\/\/www.europesays.com\/de\/wp-content\/uploads\/2025\/12\/494901770-scaled.jpg\" class=\"attachment-original size-original\" alt=\"Der Vorg\u00e4nger des von Frankreich geplanten neuen Kriegsschiffs: Der Flugzeugtr\u00e4ger \u201eCharles de Gaulle\u201c\"  data-portal-copyright=\"picture alliance\/dpa\/MAXPPP | Camille Dodet\" \/><\/p>\n<p>\n\t\t\t\t\t\t\t\t\tDer Vorg\u00e4nger des von Frankreich geplanten neuen Kriegsschiffs: Der Flugzeugtr\u00e4ger \u201eCharles de Gaulle\u201c<\/p>\n<p>\t\t\t\t\t\t\t\t\tpicture alliance\/dpa\/MAXPPP | Camille Dodet\n\t\t\t\t\t\t\t<\/p>\n<p>Frankreich k\u00fcndigt den Bau eines neuen atomar betriebenen Flugzeugtr\u00e4gers an, der 30 Kampfflugzeuge aufnehmen k\u00f6nnen soll.<\/p>\n<p>Der franz\u00f6sische Pr\u00e4sident Emmanuel Macron betont die Notwendigkeit milit\u00e4rischer St\u00e4rke in unsicheren Zeiten.<\/p>\n<p>Die Kosten f\u00fcr den Bau belaufen sich auf bis zu zehn Milliarden Euro, die Indienststellung ist f\u00fcr 2038 geplant.<\/p>\n<p>Frankreich startet den Bau seines neuen, atomar betriebenen Flugzeugtr\u00e4gers. Mit rund 80.000 Tonnen Verdr\u00e4ngung wird er fast doppelt so schwer wie sein Vorg\u00e4nger \u201eCharles de Gaulle\u201c sein, 310 Meter lang, 85 Meter breit, Platz f\u00fcr 30 <a href=\"https:\/\/www.businessinsider.de\/themen\/kampfjet\/\" target=\"_blank\" rel=\"noreferrer noopener nofollow\">Kampfflugzeuge<\/a> und 2000 Besatzungsmitglieder bieten.<\/p>\n<p>\u201eIn Zeiten von Aggressoren m\u00fcssen wir stark sein, um gef\u00fcrchtet zu werden. Ich habe beschlossen, Frankreich mit einem neuen Flugzeugtr\u00e4ger auszustatten\u201c, zitierten franz\u00f6sische Medien Pr\u00e4sident Emmanuel Macron.<\/p>\n<p>\tExterner Inhalt nicht verf\u00fcgbar<\/p>\n<p>Sie haben ein contentpass-Abo, wollen aber trotzdem nicht auf die Anzeige externer Inhalte von Drittanbietern verzichten? Dann klicken Sie auf &#8222;zustimmen&#8220; und wir binden externe Inhalte und Dienste von ausgew\u00e4hlten Drittanbietern in unser Angebot ein, um Ihr Nutzungserlebnis zu verbessern. Eine aktuelle Liste ebendieser Drittanbieter k\u00f6nnen Sie jederzeit in der Privatsph\u00e4re (Link zu Privatsph\u00e4re) einsehen. In diesem Zusammenhang k\u00f6nnen auch Nutzungsprofile (u.a. aus Basis von Cookie-IDs) gebildet und angereichert, auch au\u00dferhalb des EWR. Ihre Einwilligung umfasst in diesem Fall auch die \u00dcbermittlung bestimmter personenbezogener Daten in Drittl\u00e4nder, u.a. die USA nach Art 49 Abs. 1 Buchst. a) DSGVO.&#13;<br \/>\n &#13;<br \/>\nWeitere Details zur Datenverarbeitung finden Sie in unseren Datenschutzhinweisen sowie in der Privatsph\u00e4re,  jeweils jederzeit im Footer unseres Angebotes verf\u00fcgbar.&#13;<br \/>\n &#13;<br \/>\nIhre Einwilligung in die Einbindung externer Inhalte k\u00f6nnen Sie jederzeit im Footer unseres Angebotes \u00fcber den Link &#8222;Widerruf Tracking&#8220; aus\u00fcben.<\/p>\n<p>\tZustimmen und externe Inhalte anzeigen<\/p>\n<p>Der Bau soll bis zu zehn Milliarden Euro kosten. Die Ank\u00fcndigung machte Macron bei einer Weihnachtsfeier mit rund 900 franz\u00f6sischen Soldaten an, die in den Vereinigten Arabischen Emiraten stationiert sind.<\/p>\n<p>Die Indienststellung ist f\u00fcr 2038 geplant, wie Verteidigungsministerin\u00a0<a href=\"https:\/\/x.com\/CaVautrin\/status\/2002746777401754084\" target=\"_blank\" rel=\"noreferrer noopener nofollow\">Catherine Vautrin auf X mitteilte<\/a>.<\/p>\n<p>\tExterner Inhalt nicht verf\u00fcgbar<\/p>\n<p>Sie haben ein contentpass-Abo, wollen aber trotzdem nicht auf die Anzeige externer Inhalte von Drittanbietern verzichten? Dann klicken Sie auf &#8222;zustimmen&#8220; und wir binden externe Inhalte und Dienste von ausgew\u00e4hlten Drittanbietern in unser Angebot ein, um Ihr Nutzungserlebnis zu verbessern. Eine aktuelle Liste ebendieser Drittanbieter k\u00f6nnen Sie jederzeit in der Privatsph\u00e4re (Link zu Privatsph\u00e4re) einsehen. In diesem Zusammenhang k\u00f6nnen auch Nutzungsprofile (u.a. aus Basis von Cookie-IDs) gebildet und angereichert, auch au\u00dferhalb des EWR. Ihre Einwilligung umfasst in diesem Fall auch die \u00dcbermittlung bestimmter personenbezogener Daten in Drittl\u00e4nder, u.a. die USA nach Art 49 Abs. 1 Buchst. a) DSGVO.&#13;<br \/>\n &#13;<br \/>\nWeitere Details zur Datenverarbeitung finden Sie in unseren Datenschutzhinweisen sowie in der Privatsph\u00e4re,  jeweils jederzeit im Footer unseres Angebotes verf\u00fcgbar.&#13;<br \/>\n &#13;<br \/>\nIhre Einwilligung in die Einbindung externer Inhalte k\u00f6nnen Sie jederzeit im Footer unseres Angebotes \u00fcber den Link &#8222;Widerruf Tracking&#8220; aus\u00fcben.<\/p>\n<p>\tZustimmen und externe Inhalte anzeigen<\/p>\n<p>Frankreich ist neben den <a href=\"https:\/\/www.businessinsider.de\/themen\/usa\/\" target=\"_blank\" rel=\"noreferrer noopener nofollow\">USA<\/a> das einzige Land mit einem atomgetriebenen Flugzeugtr\u00e4ger. Die \u201eCharles de Gaulle\u201c wurde 2001 in Dienst gestellt.<\/p>\n<p class=\"has-text-align-right\">dpa\/lay <\/p>\n<p>Lest auch<\/p>\n<p>\t\t\t\t\t\t\t\t\t<img loading=\"lazy\" decoding=\"async\" width=\"200\" height=\"200\" src=\"https:\/\/www.europesays.com\/de\/wp-content\/uploads\/2025\/11\/461814700-200x200.jpg\" class=\"attachment-thumbnail-square size-thumbnail-square\" alt=\"\"  \/><\/p>\n<p>\t\t\t\t\t\t\t\t<a href=\"https:\/\/www.businessinsider.de\/wirtschaft\/80-000-tonnen-macht-doch-chinas-neuer-flugzeugtraeger-hat-ein-problem\/\" class=\"wp-block-inline-teaser__link \" rel=\"nofollow noopener\" target=\"_blank\"><br \/>\n\t\t\t\t\tChinas neuer Flugzeugtr\u00e4ger ist eine Machtdemonstration \u2013 doch in einem Punkt entt\u00e4uscht die \u201eFujian\u201c<br \/>\n\t\t\t\t<\/a><\/p>\n","protected":false},"excerpt":{"rendered":"Der Vorg\u00e4nger des von Frankreich geplanten neuen Kriegsschiffs: Der Flugzeugtr\u00e4ger \u201eCharles de Gaulle\u201c picture alliance\/dpa\/MAXPPP | Camille Dodet&hellip;\n","protected":false},"author":2,"featured_media":664178,"comment_status":"","ping_status":"","sticky":false,"template":"","format":"standard","meta":{"footnotes":"","_share_on_mastodon":"0"},"categories":[3974],"tags":[331,332,548,663,3934,3980,156,13,15333,4046,14,15,6402,19520,12],"class_list":["post-664177","post","type-post","status-publish","format-standard","has-post-thumbnail","category-frankreich","tag-aktuelle-nachrichten","tag-aktuelle-news","tag-eu","tag-europa","tag-europe","tag-france","tag-frankreich","tag-headlines","tag-kampfjets","tag-krieg","tag-nachrichten","tag-news","tag-schiff","tag-schiffbau","tag-schlagzeilen"],"share_on_mastodon":{"url":"https:\/\/pubeurope.com\/@de\/115762725205995761","error":""},"_links":{"self":[{"href":"https:\/\/www.europesays.com\/de\/wp-json\/wp\/v2\/posts\/664177","targetHints":{"allow":["GET"]}}],"collection":[{"href":"https:\/\/www.europesays.com\/de\/wp-json\/wp\/v2\/posts"}],"about":[{"href":"https:\/\/www.europesays.com\/de\/wp-json\/wp\/v2\/types\/post"}],"author":[{"embeddable":true,"href":"https:\/\/www.europesays.com\/de\/wp-json\/wp\/v2\/users\/2"}],"replies":[{"embeddable":true,"href":"https:\/\/www.europesays.com\/de\/wp-json\/wp\/v2\/comments?post=664177"}],"version-history":[{"count":0,"href":"https:\/\/www.europesays.com\/de\/wp-json\/wp\/v2\/posts\/664177\/revisions"}],"wp:featuredmedia":[{"embeddable":true,"href":"https:\/\/www.europesays.com\/de\/wp-json\/wp\/v2\/media\/664178"}],"wp:attachment":[{"href":"https:\/\/www.europesays.com\/de\/wp-json\/wp\/v2\/media?parent=664177"}],"wp:term":[{"taxonomy":"category","embeddable":true,"href":"https:\/\/www.europesays.com\/de\/wp-json\/wp\/v2\/categories?post=664177"},{"taxonomy":"post_tag","embeddable":true,"href":"https:\/\/www.europesays.com\/de\/wp-json\/wp\/v2\/tags?post=664177"}],"curies":[{"name":"wp","href":"https:\/\/api.w.org\/{rel}","templated":true}]}}