{"id":664234,"date":"2025-12-22T10:57:13","date_gmt":"2025-12-22T10:57:13","guid":{"rendered":"https:\/\/www.europesays.com\/de\/664234\/"},"modified":"2025-12-22T10:57:13","modified_gmt":"2025-12-22T10:57:13","slug":"energiewende-nutzung-von-balkonkraftwerken-in-hamburg-nimmt-zu","status":"publish","type":"post","link":"https:\/\/www.europesays.com\/de\/664234\/","title":{"rendered":"Energiewende: Nutzung von Balkonkraftwerken in Hamburg nimmt zu"},"content":{"rendered":"<p>        <img decoding=\"async\" src=\"https:\/\/www.europesays.com\/de\/wp-content\/uploads\/2025\/12\/balkonkraftwerk-148.webp\" alt=\"Ein Balkonkrafwerk.\" title=\"Ein Balkonkrafwerk. | picture alliance \/ SvenSimon, Frank Hoermann \/ SVEN SIMON\" class=\"responsive\"\/><\/p>\n<p>AUDIO: Mehr Menschen in Hamburg nutzen Balkonkraftwerke (1 Min)<\/p>\n<p>\n                Stand: 22.12.2025 11:45 Uhr<\/p>\n<p class=\"preface\">Die Hamburgerinnen und Hamburger haben in diesem Jahr mehr Balkonkraftwerke genutzt. Dem sogenannten Markenstammdatenregister der Bundesnetzagentur zufolge wurden bis Anfang Dezember 3.400 Ger\u00e4te in Betrieb genommen.<\/p>\n<p class=\"\">Mieterinnen und Mieter sowie Eigent\u00fcmerinnen und Eigent\u00fcmer haben damit 6,4 Prozent mehr Balkonkraftwerke installiert als im vergangenen Jahr. Hamburgs Energiebeh\u00f6rde geht davon aus, dass mittlerweile noch mehr Anlagen eingerichtet sein k\u00f6nnten als in dem bundesweiten Register ausgewiesen sind.<\/p>\n<p>    9.100 Balkonkraftwerke in Hamburg in Betrieb<\/p>\n<p class=\"\">Hintergrund ist, dass Betreiberinnen und Betreiber einen Monat Zeit haben, um ein Balkonkraftwerk bei der Bundesnetzagentur anzumelden. Au\u00dferdem tragen manche ihre Anlage gar nicht ein, obwohl sie dazu verpflichtet sind. Dem Register zufolge sind in Hamburg derzeit 9.100 Balkonkraftwerke in Betrieb.<\/p>\n<p>    Ger\u00e4te decken bis zu 20 Prozent des Strombedarfs<\/p>\n<p class=\"\">Die Energiebeh\u00f6rde wirbt f\u00fcr die Anlagen. Ein Stecker-Solar-Ger\u00e4t k\u00f6nne je nach Haushalt zehn bis 20 Prozent des Strombedarfs decken. In Hamburg gibt es eine Kooperation zwischen der Energiebeh\u00f6rde und dem Caritas-Verband f\u00fcr das Erzbistum Hamburg. Sie f\u00f6rdern seit Oktober Balkonkraftwerke f\u00fcr Haushalte mit geringem Einkommen. Ein Ger\u00e4te-Set mit bis zu 800 Watt Leistung kostet zwischen 300 und 700 Euro.<\/p>\n<p>        <img decoding=\"async\" src=\"https:\/\/www.europesays.com\/de\/wp-content\/uploads\/2025\/12\/balkonkraftwerk134.webp\" alt=\"Solarmodule eines Balkonkraftwerke an einem Mehrfamilienhaus.\" title=\"Solarmodule eines Balkonkraftwerke an einem Mehrfamilienhaus. | picture alliance \/ imageBROKER , Robert Poorten\" class=\"responsive\" loading=\"lazy\"\/><\/p>\n<p>Der Betrieb von Balkonkraftwerken ist unb\u00fcrokratischer geworden. Wie installiert man die Anlagen und was kosten sie?<\/p>\n<p>        <img decoding=\"async\" src=\"https:\/\/www.europesays.com\/de\/wp-content\/uploads\/2025\/12\/balkonkraftwerk-148.webp\" alt=\"Ein Balkonkrafwerk.\" title=\"Ein Balkonkrafwerk. | picture alliance \/ SvenSimon, Frank Hoermann \/ SVEN SIMON\" class=\"responsive\" loading=\"lazy\"\/><\/p>\n<p>Mit Balkonkraftwerken lassen sich Stromkosten sparen, doch daf\u00fcr muss man erstmal investieren. Hamburg will einkommensschwachen Haushalten dabei helfen.<\/p>\n<p>Dieses Thema im Programm:<\/p>\n<p>                NDR 90,3 | NDR 90,3 Aktuell | 22.12.2025 | 11:00 Uhr<\/p>\n","protected":false},"excerpt":{"rendered":"AUDIO: Mehr Menschen in Hamburg nutzen Balkonkraftwerke (1 Min) Stand: 22.12.2025 11:45 Uhr Die Hamburgerinnen und Hamburger haben&hellip;\n","protected":false},"author":2,"featured_media":664235,"comment_status":"","ping_status":"","sticky":false,"template":"","format":"standard","meta":{"footnotes":""},"categories":[1826],"tags":[67127,29,1520,6586,30,692,691,2194],"class_list":{"0":"post-664234","1":"post","2":"type-post","3":"status-publish","4":"format-standard","5":"has-post-thumbnail","7":"category-hamburg","8":"tag-balkonkraftwerke","9":"tag-deutschland","10":"tag-energiewende","11":"tag-forderung","12":"tag-germany","13":"tag-hamburg","14":"tag-hh","15":"tag-solarenergie"},"share_on_mastodon":{"url":"https:\/\/pubeurope.com\/@de\/115762867042448672","error":""},"_links":{"self":[{"href":"https:\/\/www.europesays.com\/de\/wp-json\/wp\/v2\/posts\/664234","targetHints":{"allow":["GET"]}}],"collection":[{"href":"https:\/\/www.europesays.com\/de\/wp-json\/wp\/v2\/posts"}],"about":[{"href":"https:\/\/www.europesays.com\/de\/wp-json\/wp\/v2\/types\/post"}],"author":[{"embeddable":true,"href":"https:\/\/www.europesays.com\/de\/wp-json\/wp\/v2\/users\/2"}],"replies":[{"embeddable":true,"href":"https:\/\/www.europesays.com\/de\/wp-json\/wp\/v2\/comments?post=664234"}],"version-history":[{"count":0,"href":"https:\/\/www.europesays.com\/de\/wp-json\/wp\/v2\/posts\/664234\/revisions"}],"wp:featuredmedia":[{"embeddable":true,"href":"https:\/\/www.europesays.com\/de\/wp-json\/wp\/v2\/media\/664235"}],"wp:attachment":[{"href":"https:\/\/www.europesays.com\/de\/wp-json\/wp\/v2\/media?parent=664234"}],"wp:term":[{"taxonomy":"category","embeddable":true,"href":"https:\/\/www.europesays.com\/de\/wp-json\/wp\/v2\/categories?post=664234"},{"taxonomy":"post_tag","embeddable":true,"href":"https:\/\/www.europesays.com\/de\/wp-json\/wp\/v2\/tags?post=664234"}],"curies":[{"name":"wp","href":"https:\/\/api.w.org\/{rel}","templated":true}]}}