{"id":664311,"date":"2025-12-22T11:54:19","date_gmt":"2025-12-22T11:54:19","guid":{"rendered":"https:\/\/www.europesays.com\/de\/664311\/"},"modified":"2025-12-22T11:54:19","modified_gmt":"2025-12-22T11:54:19","slug":"hasnain-kazim-ueber-turning-point-usa-es-geht-natuerlich-um-eine-richtungsentscheidung-wohin-treiben-die-usa-video","status":"publish","type":"post","link":"https:\/\/www.europesays.com\/de\/664311\/","title":{"rendered":"Hasnain Kazim \u00fcber Turning Point USA: \u201eEs geht nat\u00fcrlich um eine Richtungsentscheidung \u2013 wohin treiben die USA?\u201c &#8211; Video"},"content":{"rendered":"<p>Auf der Jahreskonferenz der Jugendorganisation Turning Point USA haben sich deutliche Gr\u00e4ben in der rechten Bewegung gezeigt. Die vom rechten Aktivisten Charlie Kirk gegr\u00fcndete Organisation ist politisch einflussreich. Journalist Hasnain Kazim spricht \u00fcber die Auswirkungen auf Europa.<\/p>\n<p>\u00a9 Axel Springer Deutschland GmbH. Alle Rechte vorbehalten.<\/p>\n","protected":false},"excerpt":{"rendered":"Auf der Jahreskonferenz der Jugendorganisation Turning Point USA haben sich deutliche Gr\u00e4ben in der rechten Bewegung gezeigt. Die&hellip;\n","protected":false},"author":2,"featured_media":664312,"comment_status":"","ping_status":"","sticky":false,"template":"","format":"standard","meta":{"footnotes":""},"categories":[3977],"tags":[331,332,13,14,15,12,4017,4018,4016,64,4019,4020],"class_list":{"0":"post-664311","1":"post","2":"type-post","3":"status-publish","4":"format-standard","5":"has-post-thumbnail","7":"category-usa","8":"tag-aktuelle-nachrichten","9":"tag-aktuelle-news","10":"tag-headlines","11":"tag-nachrichten","12":"tag-news","13":"tag-schlagzeilen","14":"tag-united-states","15":"tag-united-states-of-america","16":"tag-us","17":"tag-usa","18":"tag-vereinigte-staaten","19":"tag-vereinigte-staaten-von-amerika"},"share_on_mastodon":{"url":"https:\/\/pubeurope.com\/@de\/115763089923509294","error":""},"_links":{"self":[{"href":"https:\/\/www.europesays.com\/de\/wp-json\/wp\/v2\/posts\/664311","targetHints":{"allow":["GET"]}}],"collection":[{"href":"https:\/\/www.europesays.com\/de\/wp-json\/wp\/v2\/posts"}],"about":[{"href":"https:\/\/www.europesays.com\/de\/wp-json\/wp\/v2\/types\/post"}],"author":[{"embeddable":true,"href":"https:\/\/www.europesays.com\/de\/wp-json\/wp\/v2\/users\/2"}],"replies":[{"embeddable":true,"href":"https:\/\/www.europesays.com\/de\/wp-json\/wp\/v2\/comments?post=664311"}],"version-history":[{"count":0,"href":"https:\/\/www.europesays.com\/de\/wp-json\/wp\/v2\/posts\/664311\/revisions"}],"wp:featuredmedia":[{"embeddable":true,"href":"https:\/\/www.europesays.com\/de\/wp-json\/wp\/v2\/media\/664312"}],"wp:attachment":[{"href":"https:\/\/www.europesays.com\/de\/wp-json\/wp\/v2\/media?parent=664311"}],"wp:term":[{"taxonomy":"category","embeddable":true,"href":"https:\/\/www.europesays.com\/de\/wp-json\/wp\/v2\/categories?post=664311"},{"taxonomy":"post_tag","embeddable":true,"href":"https:\/\/www.europesays.com\/de\/wp-json\/wp\/v2\/tags?post=664311"}],"curies":[{"name":"wp","href":"https:\/\/api.w.org\/{rel}","templated":true}]}}