{"id":664364,"date":"2025-12-22T12:23:15","date_gmt":"2025-12-22T12:23:15","guid":{"rendered":"https:\/\/www.europesays.com\/de\/664364\/"},"modified":"2025-12-22T12:23:15","modified_gmt":"2025-12-22T12:23:15","slug":"jugendbande-stellt-sich-nach-sexueller-belaestigung-und-raub","status":"publish","type":"post","link":"https:\/\/www.europesays.com\/de\/664364\/","title":{"rendered":"Jugendbande stellt sich nach sexueller Bel\u00e4stigung und Raub"},"content":{"rendered":"<p>In D\u00fcsseldorfer S-Bahn <\/p>\n<p>Sexuelle Bel\u00e4stigung und Raub: Junge T\u00e4ter stellen sich<\/p>\n<p>22.12.2025 &#8211; 13:18 UhrLesedauer: 1 Min.<\/p>\n<p><a href=\"#focus-0\" class=\"transition-colors duration-200 block text-current relative\" data-sctrack=\"FocusGalleryImage.Reference\"><img fetchpriority=\"high\" data-testid=\"Opener.Image\" style=\"--lqipURL:url('https:\/\/images.t-online.de\/2025\/12\/WDHf5iilaAXC\/0x107:2048x1152\/fit-in\/150x0\/filters:blur(25)\/die-hintergruende-der-tat-sind-fuer-die-polizei-noch-unklar-symbolbild.jpg')\"   loading=\"eager\" src=\"https:\/\/www.europesays.com\/de\/wp-content\/uploads\/2025\/12\/die-hintergruende-der-tat-sind-fuer-die-polizei-noch-unklar-symbolbild.jpg\" alt=\"Blaulicht Symbolbild\" title=\"Blaulicht Symbolbild\" width=\"2048\" height=\"1152\" class=\"bg-[url:var(--lqipURL)] bg-cover bg-center flex h-full w-full max-w-full\" decoding=\"async\"\/><img style=\"--width:32;--height:32\" loading=\"lazy\" src=\"https:\/\/duesseldorf.t-online.de\/s\/paper\/_next\/static\/media\/zoom-in.f7dae02f.svg\" alt=\"Vergr\u00f6\u00dfern des Bildes\" title=\"Vergr\u00f6\u00dfern des Bildes\" class=\"block h-[calc(var(--height)_\/_16_*_1rem)] w-[calc(var(--width)_\/_16_*_1rem)] max-w-none absolute bottom-8 right-8 rounded-4 bg-snow p-8\" decoding=\"async\"\/><\/a><\/p>\n<p>Blaulicht (Symbolbild): Die mutma\u00dflichen T\u00e4ter haben sich gestellt. (Quelle: Rolf Vennenbernd\/dpa\/dpa-bilder)<\/p>\n<p class=\"font-bold text-18 leading-17\">Nach rassistischen Beleidigungen, Raub und sexueller Bel\u00e4stigung in einer S-Bahn stellen sich die vier jugendlichen Tatverd\u00e4chtigen. Sie sind der Polizei bekannt.<\/p>\n<p class=\"text-18 leading-17\">Die Polizei hat die Fotofahndung nach mehreren Jugendlichen vom Wochenende zur\u00fcckgezogen. Am Sonntag (21. Dezember) erschienen die vier gesuchten jungen M\u00e4nner \u2013 teils in Begleitung der Erziehungsberechtigten \u2013 auf einer Wache in Wuppertal und stellten sich dort der Polizei. Es handelt sich um vier syrische Staatsangeh\u00f6rige, die bereits polizeilich in Erscheinung getreten sind. Zwei von ihnen sind 15, die anderen sind 14 und 16 Jahre alt.<\/p>\n<p class=\"text-18 leading-17\">Die Tatverd\u00e4chtigen sollen am Freitagabend (19. Dezember) eine andere Gruppe Jugendlicher in der S-Bahn der Linie S28 vom Hauptbahnhof D\u00fcsseldorf in Richtung Gerresheim zun\u00e4chst unter anderem mit den Worten &#8222;Schei\u00df Deutsche&#8220; rassistisch beleidigt haben. Im weiteren Verlauf wurden die Gesch\u00e4digten aufgefordert, Geld auszuh\u00e4ndigen, was sie verneinten.<\/p>\n<p class=\"text-18 leading-17\">Anschlie\u00dfend trennten die Aggressoren einen der Jugendlichen von seinen Begleitern. Ein Tatverd\u00e4chtiger schlug ihm ins Gesicht, zugleich wurde die Geldb\u00f6rse aus der Jackentasche des Gesch\u00e4digten gezogen und Bargeld entwendet. Zwei der Tatverd\u00e4chtigen k\u00fcssten zudem zwei Jugendliche aus der anderen Gruppe, wodurch es zu einer sexuellen Bel\u00e4stigung kam.<\/p>\n<p class=\"text-18 leading-17\">Da laut Polizei keine Haftgr\u00fcnde vorliegen, wurden die vier Jugendlichen nach ihrer Vernehmung am Sonntag nicht festgenommen. Sie erwartet jedoch ein entsprechendes Strafverfahren.<\/p>\n","protected":false},"excerpt":{"rendered":"In D\u00fcsseldorfer S-Bahn Sexuelle Bel\u00e4stigung und Raub: Junge T\u00e4ter stellen sich 22.12.2025 &#8211; 13:18 UhrLesedauer: 1 Min. Blaulicht&hellip;\n","protected":false},"author":2,"featured_media":651046,"comment_status":"","ping_status":"","sticky":false,"template":"","format":"standard","meta":{"footnotes":""},"categories":[1831],"tags":[3502,25834,3364,2030,29,3405,7550,30,1209,121,4576,4418],"class_list":{"0":"post-664364","1":"post","2":"type-post","3":"status-publish","4":"format-standard","5":"has-post-thumbnail","7":"category-duesseldorf","8":"tag-belaestigung","9":"tag-beleidigung","10":"tag-de","11":"tag-deutsche-bahn","12":"tag-deutschland","13":"tag-duesseldorf","14":"tag-fotofahndung","15":"tag-germany","16":"tag-nordrhein-westfalen","17":"tag-polizei","18":"tag-raub","19":"tag-wuppertal"},"share_on_mastodon":{"url":"https:\/\/pubeurope.com\/@de\/115763203881216853","error":""},"_links":{"self":[{"href":"https:\/\/www.europesays.com\/de\/wp-json\/wp\/v2\/posts\/664364","targetHints":{"allow":["GET"]}}],"collection":[{"href":"https:\/\/www.europesays.com\/de\/wp-json\/wp\/v2\/posts"}],"about":[{"href":"https:\/\/www.europesays.com\/de\/wp-json\/wp\/v2\/types\/post"}],"author":[{"embeddable":true,"href":"https:\/\/www.europesays.com\/de\/wp-json\/wp\/v2\/users\/2"}],"replies":[{"embeddable":true,"href":"https:\/\/www.europesays.com\/de\/wp-json\/wp\/v2\/comments?post=664364"}],"version-history":[{"count":0,"href":"https:\/\/www.europesays.com\/de\/wp-json\/wp\/v2\/posts\/664364\/revisions"}],"wp:featuredmedia":[{"embeddable":true,"href":"https:\/\/www.europesays.com\/de\/wp-json\/wp\/v2\/media\/651046"}],"wp:attachment":[{"href":"https:\/\/www.europesays.com\/de\/wp-json\/wp\/v2\/media?parent=664364"}],"wp:term":[{"taxonomy":"category","embeddable":true,"href":"https:\/\/www.europesays.com\/de\/wp-json\/wp\/v2\/categories?post=664364"},{"taxonomy":"post_tag","embeddable":true,"href":"https:\/\/www.europesays.com\/de\/wp-json\/wp\/v2\/tags?post=664364"}],"curies":[{"name":"wp","href":"https:\/\/api.w.org\/{rel}","templated":true}]}}