{"id":664365,"date":"2025-12-22T12:24:12","date_gmt":"2025-12-22T12:24:12","guid":{"rendered":"https:\/\/www.europesays.com\/de\/664365\/"},"modified":"2025-12-22T12:24:12","modified_gmt":"2025-12-22T12:24:12","slug":"bpoli-s-gefaehrliche-koerperverletzung-am-hauptbahnhof-bundespolizei-sucht-zeugen","status":"publish","type":"post","link":"https:\/\/www.europesays.com\/de\/664365\/","title":{"rendered":"BPOLI S: Gef\u00e4hrliche K\u00f6rperverletzung am Hauptbahnhof &#8211; Bundespolizei sucht Zeugen"},"content":{"rendered":"<p class=\"date\">22.12.2025 \u2013 12:58<\/p>\n<p class=\"customer\">\n                        <a class=\"story-customer\" title=\"weiter zum newsroom von Bundespolizeiinspektion Stuttgart\" href=\"https:\/\/www.presseportal.de\/blaulicht\/nr\/116091\" rel=\"nofollow noopener\" target=\"_blank\">Bundespolizeiinspektion Stuttgart<\/a>\n                    <\/p>\n<p><a data-category=\"citylink-story-view\" data-action=\"click\" data-label=\"Citylink in Meldungsansicht\" class=\"story-city event-trigger\" href=\"https:\/\/www.presseportal.de\/regional\/Stuttgart\" title=\"News aus Stuttgart \" rel=\"nofollow noopener\" target=\"_blank\">Stuttgart<\/a> (ots)<\/p>\n<p>Am fr\u00fchen Sonntagmorgen (21.12.2025) wurde ein 24-J\u00e4hriger am Hauptbahnhof Stuttgart angegriffen und verletzt.<\/p>\n<p>Bisherigen Ermittlungen zufolge lief der gesch\u00e4digte deutsche Staatsangeh\u00f6rige gegen 05:45 Uhr im Personentunnel in Richtung Querbahnsteig. Hierbei soll er mit drei bislang unbekannten Personen in eine verbale Auseinandersetzung geraten sein. Die Unbekannten sollen zuvor offenbar eine Frau verbal bel\u00e4stigt haben.<br \/>\nIm weiteren Verlauf sollen die Tatverd\u00e4chtigen den 24-J\u00e4hrigen zu Boden gebracht und mehrfach auf ihn eingetreten haben. Anschlie\u00dfend fl\u00fcchteten die Tatverd\u00e4chtigen in unbekannte Richtung. Der deutsche Staatsangeh\u00f6rige wurde durch die Tat leicht verletzt und musste zur weiteren Behandlung durch den Rettungsdienst in ein Krankenhaus verbracht werden.<\/p>\n<p>Die Bundespolizei ermittelt nun wegen des Verdachts der gef\u00e4hrlichen K\u00f6rperverletzung.<br \/>\nZeugen des Vorfalls werden gebeten, sich unter der Rufnummer +4971155049-1020 oder per E-Mail an: <a href=\"https:\/\/www.presseportal.de\/blaulicht\/pm\/116091\/mailto: bpoli.stuttgart.oea@polizei.bund.de\" class=\"uri-mailto\" rel=\"nofollow noopener\" target=\"_blank\"> bpoli.stuttgart.oea@polizei.bund.de<\/a> zu melden.<\/p>\n<p class=\"contact-headline\">R\u00fcckfragen bitte an:<\/p>\n<p class=\"contact-text\">Bundespolizeiinspektion Stuttgart<br \/>Samuel Rosenberger<br \/>Telefon: 0711\/55049 1050<br \/>E-Mail: <a href=\"https:\/\/www.presseportal.de\/blaulicht\/pm\/116091\/mailto: bpoli.stuttgart.oea@polizei.bund.de\" class=\"uri-mailto\" rel=\"nofollow noopener\" target=\"_blank\"> bpoli.stuttgart.oea@polizei.bund.de<\/a><br \/><a target=\"_blank\" class=\"uri-ext outbound\" rel=\"noopener nofollow\" href=\"https:\/\/www.bundespolizei.de\">www.bundespolizei.de<\/a><br \/><a target=\"_blank\" class=\"uri-ext outbound\" rel=\"noopener nofollow\" href=\"http:\/\/www.twitter.com\/bpol_bw\">http:\/\/www.twitter.com\/bpol_bw<\/a><\/p>\n<p class=\"originator\">Original-Content von: Bundespolizeiinspektion Stuttgart, \u00fcbermittelt durch news aktuell<\/p>\n<p>            <script async src=\"https:\/\/platform.twitter.com\/widgets.js\" charset=\"utf-8\"><\/script><\/p>\n","protected":false},"excerpt":{"rendered":"22.12.2025 \u2013 12:58 Bundespolizeiinspektion Stuttgart Stuttgart (ots) Am fr\u00fchen Sonntagmorgen (21.12.2025) wurde ein 24-J\u00e4hriger am Hauptbahnhof Stuttgart angegriffen&hellip;\n","protected":false},"author":2,"featured_media":386213,"comment_status":"","ping_status":"","sticky":false,"template":"","format":"standard","meta":{"footnotes":""},"categories":[1830],"tags":[1634,6187,3364,29,30,177,121,178,180,179,181,1441],"class_list":{"0":"post-664365","1":"post","2":"type-post","3":"status-publish","4":"format-standard","5":"has-post-thumbnail","7":"category-stuttgart","8":"tag-baden-wuerttemberg","9":"tag-bw","10":"tag-de","11":"tag-deutschland","12":"tag-germany","13":"tag-kriminalitt","14":"tag-polizei","15":"tag-presse","16":"tag-pressemeldung","17":"tag-pressemitteilung","18":"tag-pressemitteilungen","19":"tag-stuttgart"},"share_on_mastodon":{"url":"https:\/\/pubeurope.com\/@de\/115763207523148878","error":""},"_links":{"self":[{"href":"https:\/\/www.europesays.com\/de\/wp-json\/wp\/v2\/posts\/664365","targetHints":{"allow":["GET"]}}],"collection":[{"href":"https:\/\/www.europesays.com\/de\/wp-json\/wp\/v2\/posts"}],"about":[{"href":"https:\/\/www.europesays.com\/de\/wp-json\/wp\/v2\/types\/post"}],"author":[{"embeddable":true,"href":"https:\/\/www.europesays.com\/de\/wp-json\/wp\/v2\/users\/2"}],"replies":[{"embeddable":true,"href":"https:\/\/www.europesays.com\/de\/wp-json\/wp\/v2\/comments?post=664365"}],"version-history":[{"count":0,"href":"https:\/\/www.europesays.com\/de\/wp-json\/wp\/v2\/posts\/664365\/revisions"}],"wp:featuredmedia":[{"embeddable":true,"href":"https:\/\/www.europesays.com\/de\/wp-json\/wp\/v2\/media\/386213"}],"wp:attachment":[{"href":"https:\/\/www.europesays.com\/de\/wp-json\/wp\/v2\/media?parent=664365"}],"wp:term":[{"taxonomy":"category","embeddable":true,"href":"https:\/\/www.europesays.com\/de\/wp-json\/wp\/v2\/categories?post=664365"},{"taxonomy":"post_tag","embeddable":true,"href":"https:\/\/www.europesays.com\/de\/wp-json\/wp\/v2\/tags?post=664365"}],"curies":[{"name":"wp","href":"https:\/\/api.w.org\/{rel}","templated":true}]}}