{"id":664517,"date":"2025-12-22T13:58:22","date_gmt":"2025-12-22T13:58:22","guid":{"rendered":"https:\/\/www.europesays.com\/de\/664517\/"},"modified":"2025-12-22T13:58:22","modified_gmt":"2025-12-22T13:58:22","slug":"1-fc-koeln-die-gewinner-und-verlierer-beim-fc-sport","status":"publish","type":"post","link":"https:\/\/www.europesays.com\/de\/664517\/","title":{"rendered":"1. FC K\u00f6ln: Die Gewinner und Verlierer beim FC | Sport"},"content":{"rendered":"<p><b>Das Jahresfinale ist Geschichte, die Winterpause der <\/b><a href=\"https:\/\/www.bild.de\/sport\/fussball\/bundesliga\/bundesliga-startseite-52368768.bild.html\" class=\"text-link\" rel=\"nofollow noopener\" target=\"_blank\"><b>Bundesliga<\/b><\/a><b> steht bevor. Zeit f\u00fcr ein Zwischenfazit beim <\/b><a href=\"https:\/\/www.bild.de\/sport\/fussball\/1-fc-koeln\/startseite-koeln-31148750.bild.html\" class=\"text-link\" rel=\"nofollow noopener\" target=\"_blank\"><b>1. FC K\u00f6ln<\/b><\/a><b>: Wer hat \u00fcberzeugt und bei wem l\u00e4uft\u2019s \u00fcberhaupt nicht rund?<\/b><\/p>\n<p>BILD zeigt drei Gewinner und drei Verlierer der ersten Saisonh\u00e4lfte.<\/p>\n<p>Mehr zum ThemaDie Gewinner<\/p>\n<p><b>Said El Mala (19):<\/b> Der Senkrechtstarter ist der klar gr\u00f6\u00dfte Gewinner der bisherigen FC-Saison. Sechs Bundesliga-Treffer, drei Vorlagen\u00a0\u2013 El Mala liefert konstant. Sein Marktwert? Explodiert auf 40 Millionen Euro! Damit ist er der wertvollste Spieler der FC-Geschichte. El Mala ist l\u00e4ngst weit mehr als ein Talent beim FC. Er ist Leistungstr\u00e4ger. Unterschiedsspieler. Hoffnungstr\u00e4ger. Und hofft auf die WM.<\/p>\n<p><b>Jakub Kaminski (23):<\/b> Erst im Sommer vom VfL Wolfsburg geliehen, jetzt schon einer der gr\u00f6\u00dften Gewinner. F\u00fcnf Tore, eine Vorlage \u2013 der Pole geh\u00f6rt zu den Top-Scorern der Mannschaft. Dazu seine gr\u00f6\u00dfte St\u00e4rke: Variabilit\u00e4t. Trainer Lukas Kwasniok (44) rotiert viel und Kaminski kann alles spielen \u2013 rechts, links, offensiv, defensiv. Ein echter Allrounder. Nicht ohne Grund nannte Kwasniok ihn k\u00fcrzlich den \u201ebesten Spieler\u201c beim FC.<\/p>\n<p><img decoding=\"async\" width=\"992\" height=\"558\" alt=\"Jakub Kaminski (23) stand in 14 von 15 Bundesliga-Spielen \u00fcber die vollen 90 Minuten auf dem Platz\" src=\"https:\/\/www.europesays.com\/de\/wp-content\/uploads\/2025\/12\/eb8ca0eec68aef19b00e39cbab672d93,96101f72\"   class=\"landscape\" loading=\"lazy\"\/><\/p>\n<p class=\"fig__caption__text\">Jakub Kaminski (23) stand in 14 von 15 Bundesliga-Spielen \u00fcber die vollen 90 Minuten auf dem Platz<\/p>\n<p>Foto: picture alliance \/ pressefoto Mika Volkmann<\/p>\n<p><b>Dominique Heintz (32):<\/b> Damit hatte wohl nicht einmal Heintz selbst gerechnet. Zu Saisonbeginn aussortiert \u2013 jetzt Stammspieler in der Innenverteidigung! Verletzungen von Timo H\u00fcbers (29), Luca Kilian (26) und Joel Schmied (27), dazu schwache Leistungen von Cenk \u00d6zkacar (25) \u2013 pl\u00f6tzlich war der Routinier wieder gefragt. F\u00fcr K\u00f6ln momentan unverzichtbar und DIE \u00dcberraschung der bisherigen Saison.<\/p>\n<p>Dreimal Handspiel: \u201eH\u00e4tte Handelfmeter geben m\u00fcssen\u201c<a class=\"anchor video-teaser__anchor\" href=\"https:\/\/www.bild.de\/sport\/fussball\/koeln-gegen-union-dreimal-handspiel-haette-handelfmeter-geben-muessen-6947c46cf6fc544dba9af7b7\" rel=\"nofollow noopener\" target=\"_blank\"><img decoding=\"async\" width=\"992\" height=\"558\" alt=\"K\u00f6ln gegen Union: Dreimal Handspiel: \u201eH\u00e4tte Handelfmeter geben m\u00fcssen\u201c\" src=\"https:\/\/www.europesays.com\/de\/wp-content\/uploads\/2025\/12\/f02be0314ae6eef35b8ac6edcd7d6f16-landscape,ce72c14b\"   class=\"landscape teaser__image\" loading=\"lazy\"\/><\/a><\/p>\n<p>Quelle: BILD21.12.2025<\/p>\n<p>Die Verlierer<\/p>\n<p><b>Linton Maina (26):<\/b> Auch eine \u00dcberraschung \u2013 allerdings eine negative&#8230; In der Aufstiegssaison gl\u00e4nzte Maina mit drei Toren und elf Vorlagen in 27 Zweitliga-Spielen. Und jetzt? Null Tore. Null Vorlagen. Null Durchschlagskraft. Kwasniok setzte ihn nur zweimal in der Startelf ein \u2013 ein deutliches Zeichen. Maina findet seine alte Form einfach nicht.<\/p>\n<p><b>Jusuf Gazibegovic (25):<\/b> Klarer kann ein Urteil kaum ausfallen. Gazibegovic kam nur zu einem Einsatz: 22 Minuten am 2. Spieltag gegen Freiburg. Neunmal schaffte er es gar nicht erst in den Kader. Zu wenig \u2013 darum der Leih-Schritt zur\u00fcck zu Sturm Graz, um Spielpraxis zu sammeln.<\/p>\n<p><img decoding=\"async\" width=\"992\" height=\"558\" alt=\"Jusuf Gazibegovic (25) kehrt bis zum Saisonende zu seinem ehemaligen Verein Sturm Graz zur\u00fcck\" src=\"https:\/\/www.europesays.com\/de\/wp-content\/uploads\/2025\/12\/8f89f13eb0e9ced9703a201e5709e60c,9bec8627\"   class=\"landscape\" loading=\"lazy\"\/><\/p>\n<p class=\"fig__caption__text\">Jusuf Gazibegovic (25) kehrt bis zum Saisonende zu seinem ehemaligen Verein Sturm Graz zur\u00fcck<\/p>\n<p>Foto: Rolf Vennenbernd\/dpa<\/p>\n<p><b>Alessio Castro-Montes (28):<\/b> Erst Anfang September aus Belgien geholt \u2013 und schnell zeigte sich: nur die B-L\u00f6sung. Nach einem Kurzeinsatz gegen Wolfsburg musste Castro-Montes knapp zwei Monate warten, bis er wieder auf den Platz durfte. Sein einziger Startelfeinsatz gegen Werder Bremen endete bitter: Auswechslung zur Halbzeit nach schwacher Leistung. <\/p>\n","protected":false},"excerpt":{"rendered":"Das Jahresfinale ist Geschichte, die Winterpause der Bundesliga steht bevor. Zeit f\u00fcr ein Zwischenfazit beim 1. FC K\u00f6ln:&hellip;\n","protected":false},"author":2,"featured_media":664518,"comment_status":"","ping_status":"","sticky":false,"template":"","format":"standard","meta":{"footnotes":""},"categories":[1828],"tags":[623,29,538,347,30,97456,67873,1420,20101,25713,1209,819,45],"class_list":{"0":"post-664517","1":"post","2":"type-post","3":"status-publish","4":"format-standard","5":"has-post-thumbnail","7":"category-koeln","8":"tag-1-fc-koeln","9":"tag-deutschland","10":"tag-erste-bundesliga","11":"tag-fussball","12":"tag-germany","13":"tag-heintz-dominique","14":"tag-kaminski-jakub","15":"tag-koeln","16":"tag-kwasniok-lukas","17":"tag-maina-linton","18":"tag-nordrhein-westfalen","19":"tag-sport-leuchtturm-essen","20":"tag-texttospeech"},"share_on_mastodon":{"url":"https:\/\/pubeurope.com\/@de\/115763580533524743","error":""},"_links":{"self":[{"href":"https:\/\/www.europesays.com\/de\/wp-json\/wp\/v2\/posts\/664517","targetHints":{"allow":["GET"]}}],"collection":[{"href":"https:\/\/www.europesays.com\/de\/wp-json\/wp\/v2\/posts"}],"about":[{"href":"https:\/\/www.europesays.com\/de\/wp-json\/wp\/v2\/types\/post"}],"author":[{"embeddable":true,"href":"https:\/\/www.europesays.com\/de\/wp-json\/wp\/v2\/users\/2"}],"replies":[{"embeddable":true,"href":"https:\/\/www.europesays.com\/de\/wp-json\/wp\/v2\/comments?post=664517"}],"version-history":[{"count":0,"href":"https:\/\/www.europesays.com\/de\/wp-json\/wp\/v2\/posts\/664517\/revisions"}],"wp:featuredmedia":[{"embeddable":true,"href":"https:\/\/www.europesays.com\/de\/wp-json\/wp\/v2\/media\/664518"}],"wp:attachment":[{"href":"https:\/\/www.europesays.com\/de\/wp-json\/wp\/v2\/media?parent=664517"}],"wp:term":[{"taxonomy":"category","embeddable":true,"href":"https:\/\/www.europesays.com\/de\/wp-json\/wp\/v2\/categories?post=664517"},{"taxonomy":"post_tag","embeddable":true,"href":"https:\/\/www.europesays.com\/de\/wp-json\/wp\/v2\/tags?post=664517"}],"curies":[{"name":"wp","href":"https:\/\/api.w.org\/{rel}","templated":true}]}}