{"id":664521,"date":"2025-12-22T14:00:17","date_gmt":"2025-12-22T14:00:17","guid":{"rendered":"https:\/\/www.europesays.com\/de\/664521\/"},"modified":"2025-12-22T14:00:17","modified_gmt":"2025-12-22T14:00:17","slug":"tierpark-hellabrunn-in-muenchen-geheimnisvollste-wuehlmaeuse-europas-bekommen-junges-muenchen","status":"publish","type":"post","link":"https:\/\/www.europesays.com\/de\/664521\/","title":{"rendered":"Tierpark Hellabrunn in M\u00fcnchen: \u201eGeheimnisvollste\u201c W\u00fchlm\u00e4use Europas bekommen Junges &#8211; M\u00fcnchen"},"content":{"rendered":"<p data-manual=\"paragraph\" data-schema-org-speakable=\"true\" class=\"css-1eosz7k\">Nachwuchs bei den Kurzohrm\u00e4usen im <a href=\"https:\/\/www.sueddeutsche.de\/thema\/Tierpark_Hellabrunn\" rel=\"nofollow noopener\" target=\"_blank\">Tierpark Hellabrunn<\/a>: Kurz nach dem Einzug in das neue Maushaus hat ein Exemplar dieser stark bedrohten Art mindestens ein Junges zur Welt gebracht. Ob das weibliche Jungtier Geschwister hat, war zun\u00e4chst unklar\u00a0\u2013 \u201eda das Muttertier direkt nach der Geburt im Nest f\u00fcr einige Tage nicht gest\u00f6rt wurde\u201c, wie der Tierpark mitteilte. Derzeit geht der Zoo davon aus, dass Eltern und Junges jetzt zu dritt sind.<\/p>\n<p data-manual=\"paragraph\" data-schema-org-speakable=\"true\" class=\"css-1eosz7k\">Die drei sind die einzigen Kurzohrm\u00e4use in Hellabrunn, der Zoo z\u00e4hlt die Art \u201ezu den geheimnisvollsten W\u00fchlmausarten Europas\u201c, denn sie sei sehr selten. 1962 wurde die Kurzohrmaus den Angaben zufolge bei Garmisch-Partenkirchen entdeckt. Weil sie dann jahrzehntelang nicht mehr gesehen wurde, galt sie als verschollen bis Mitarbeiter des Landesamtes f\u00fcr Umwelt 2023 doch noch Tiere fanden.<\/p>\n<p data-manual=\"paragraph\" data-schema-org-speakable=\"true\" class=\"css-1eosz7k\">Aufgrund ihres winzigen, stark isolierten Verbreitungsgebiets und der sehr kleinen Population werde die Bayerische Kurzohrmaus in der Roten Liste Deutschlands als \u201eausgestorben oder verschollen\u201c gef\u00fchrt, in \u00d6sterreich gelte sie als \u201evom Aussterben bedroht\u201c, schreibt der Tierpark. Damit sei sie vermutlich die seltenste S\u00e4ugetierart Europas \u2013 m\u00f6glicherweise sogar weltweit.<\/p>\n<p data-manual=\"paragraph\" data-schema-org-speakable=\"true\" class=\"css-1eosz7k\">Die zust\u00e4ndige Kuratorin Lena Bockrei\u00df feierte den Nachwuchs als kleinen, aber bedeutenden Erfolg. Langfristig k\u00f6nne die Zucht im Tierpark\u00a0\u2013 beispielsweise durch Auswilderungen\u00a0\u2013 dazu beitragen, die heimische Mausart vor dem Aussterben zu bewahren und \u201edie biologische Vielfalt unserer Region\u201c langfristig zu erhalten.<\/p>\n","protected":false},"excerpt":{"rendered":"Nachwuchs bei den Kurzohrm\u00e4usen im Tierpark Hellabrunn: Kurz nach dem Einzug in das neue Maushaus hat ein Exemplar&hellip;\n","protected":false},"author":2,"featured_media":664522,"comment_status":"","ping_status":"","sticky":false,"template":"","format":"standard","meta":{"footnotes":""},"categories":[1827],"tags":[5252,772,29,16745,30,1268,149,41994,3367],"class_list":{"0":"post-664521","1":"post","2":"type-post","3":"status-publish","4":"format-standard","5":"has-post-thumbnail","7":"category-muenchen","8":"tag-artenschutz","9":"tag-bayern","10":"tag-deutschland","11":"tag-freizeit-in-muenchen","12":"tag-germany","13":"tag-muenchen","14":"tag-sueddeutsche-zeitung","15":"tag-tierpark-hellabrunn","16":"tag-tierschutz"},"share_on_mastodon":{"url":"https:\/\/pubeurope.com\/@de\/115763584892934317","error":""},"_links":{"self":[{"href":"https:\/\/www.europesays.com\/de\/wp-json\/wp\/v2\/posts\/664521","targetHints":{"allow":["GET"]}}],"collection":[{"href":"https:\/\/www.europesays.com\/de\/wp-json\/wp\/v2\/posts"}],"about":[{"href":"https:\/\/www.europesays.com\/de\/wp-json\/wp\/v2\/types\/post"}],"author":[{"embeddable":true,"href":"https:\/\/www.europesays.com\/de\/wp-json\/wp\/v2\/users\/2"}],"replies":[{"embeddable":true,"href":"https:\/\/www.europesays.com\/de\/wp-json\/wp\/v2\/comments?post=664521"}],"version-history":[{"count":0,"href":"https:\/\/www.europesays.com\/de\/wp-json\/wp\/v2\/posts\/664521\/revisions"}],"wp:featuredmedia":[{"embeddable":true,"href":"https:\/\/www.europesays.com\/de\/wp-json\/wp\/v2\/media\/664522"}],"wp:attachment":[{"href":"https:\/\/www.europesays.com\/de\/wp-json\/wp\/v2\/media?parent=664521"}],"wp:term":[{"taxonomy":"category","embeddable":true,"href":"https:\/\/www.europesays.com\/de\/wp-json\/wp\/v2\/categories?post=664521"},{"taxonomy":"post_tag","embeddable":true,"href":"https:\/\/www.europesays.com\/de\/wp-json\/wp\/v2\/tags?post=664521"}],"curies":[{"name":"wp","href":"https:\/\/api.w.org\/{rel}","templated":true}]}}