{"id":664527,"date":"2025-12-22T14:04:15","date_gmt":"2025-12-22T14:04:15","guid":{"rendered":"https:\/\/www.europesays.com\/de\/664527\/"},"modified":"2025-12-22T14:04:15","modified_gmt":"2025-12-22T14:04:15","slug":"berlin-brandenburg-diebe-stehlen-50-kilometer-kabel-200-000-euro-schaden","status":"publish","type":"post","link":"https:\/\/www.europesays.com\/de\/664527\/","title":{"rendered":"Berlin &#038; Brandenburg: Diebe stehlen 50 Kilometer Kabel &#8211; 200.000 Euro Schaden"},"content":{"rendered":"<p>Berlin &amp; BrandenburgDiebe stehlen 50 Kilometer Kabel &#8211; 200.000 Euro Schaden<img decoding=\"async\" class=\"Image_img__fQCi0 Image_Img_16_9__4BLfH\" loading=\"eager\" fetchpriority=\"high\" src=\"https:\/\/www.europesays.com\/de\/wp-content\/uploads\/2025\/12\/Die-Polizei-sicherte-am-Tatort-Spuren.webp.webp\" alt=\"Die-Polizei-sicherte-am-Tatort-Spuren\"\/>TeilenFolgen auf:<a href=\"https:\/\/www.whatsapp.com\/channel\/0029Va5cdVJD8SDp5YZgYF01\" title=\"Auf WhatsApp folgen\" target=\"_blank\" rel=\"noopener\"><img decoding=\"async\" src=\"https:\/\/www.n-tv.de\/socialIcons\/whatsapp.svg\" alt=\"whatsapp\" class=\"ArticleShare_icon__FsrC2\"\/><\/a><a href=\"https:\/\/news.google.com\/publications\/CAAiEPMdif5mpRNxiLOeUpHCwwsqFAgKIhDzHYn-ZqUTcYiznlKRwsML?hl=de&amp;gl=DE&amp;ceid=DE%3Ade\" title=\"Auf Google News folgen\" target=\"_blank\" rel=\"noopener\"><img decoding=\"async\" src=\"https:\/\/www.n-tv.de\/socialIcons\/google.svg\" alt=\"whatsapp\" class=\"ArticleShare_icon__FsrC2\"\/><\/a><\/p>\n<p class=\"Typography_text-m__XI0da Typography_weight-bold__uT6mq storyline_lead_text_leadtext__q_wg8\">Im Havelland verschwinden Dutzende Kilometer Kupferkabel von einem Firmengel\u00e4nde. Den Schaden ist gro\u00df.<\/p>\n<p class=\"Typography_text-default__P3otY Typography_weight-normal__pqUbH storyline_paragraph_p__qSR5N\">Dallgow-D\u00f6beritz (dpa\/bb) &#8211; Kabeldiebe haben von dem Gel\u00e4nde einer Firma in Dallgow-D\u00f6beritz (Landkreis Havelland) rund 50 Kilometer Kupferkabel gestohlen. Die T\u00e4ter brachen in der Zeit zwischen Freitag und Sonntag bei der Firma ein, wie die Polizei mitteilte. Demnach schnitten sie die Kabel von diversen technischen Anlagen ab. Die Polizei sicherte Spuren und ermittelt. Laut einer ersten Sch\u00e4tzung betr\u00e4gt der Schaden 200.000 Euro.<\/p>\n<p class=\"Typography_text-s__wu_cm Typography_weight-normal__pqUbH Typography_color-darkgrey__sZEnP article-detail-footer_source__KslPc\">Quelle: dpa<\/p>\n","protected":false},"excerpt":{"rendered":"Berlin &amp; BrandenburgDiebe stehlen 50 Kilometer Kabel &#8211; 200.000 Euro SchadenTeilenFolgen auf: Im Havelland verschwinden Dutzende Kilometer Kupferkabel&hellip;\n","protected":false},"author":2,"featured_media":664528,"comment_status":"","ping_status":"","sticky":false,"template":"","format":"standard","meta":{"footnotes":""},"categories":[1816],"tags":[1960,1958,1959,1957,1956,1890,29,30],"class_list":{"0":"post-664527","1":"post","2":"type-post","3":"status-publish","4":"format-standard","5":"has-post-thumbnail","7":"category-brandenburg","8":"tag-aktuelle-nachrichten-aus-berlin-und-brandenburg","9":"tag-aktuelle-nachrichten-aus-brandenburg","10":"tag-aktuelle-news-aus-berlin-und-brandenburg","11":"tag-aktuelle-news-aus-brandenburg","12":"tag-berlin-und-brandenburg","13":"tag-brandenburg","14":"tag-deutschland","15":"tag-germany"},"share_on_mastodon":{"url":"https:\/\/pubeurope.com\/@de\/115763601819160998","error":""},"_links":{"self":[{"href":"https:\/\/www.europesays.com\/de\/wp-json\/wp\/v2\/posts\/664527","targetHints":{"allow":["GET"]}}],"collection":[{"href":"https:\/\/www.europesays.com\/de\/wp-json\/wp\/v2\/posts"}],"about":[{"href":"https:\/\/www.europesays.com\/de\/wp-json\/wp\/v2\/types\/post"}],"author":[{"embeddable":true,"href":"https:\/\/www.europesays.com\/de\/wp-json\/wp\/v2\/users\/2"}],"replies":[{"embeddable":true,"href":"https:\/\/www.europesays.com\/de\/wp-json\/wp\/v2\/comments?post=664527"}],"version-history":[{"count":0,"href":"https:\/\/www.europesays.com\/de\/wp-json\/wp\/v2\/posts\/664527\/revisions"}],"wp:featuredmedia":[{"embeddable":true,"href":"https:\/\/www.europesays.com\/de\/wp-json\/wp\/v2\/media\/664528"}],"wp:attachment":[{"href":"https:\/\/www.europesays.com\/de\/wp-json\/wp\/v2\/media?parent=664527"}],"wp:term":[{"taxonomy":"category","embeddable":true,"href":"https:\/\/www.europesays.com\/de\/wp-json\/wp\/v2\/categories?post=664527"},{"taxonomy":"post_tag","embeddable":true,"href":"https:\/\/www.europesays.com\/de\/wp-json\/wp\/v2\/tags?post=664527"}],"curies":[{"name":"wp","href":"https:\/\/api.w.org\/{rel}","templated":true}]}}