{"id":664531,"date":"2025-12-22T14:06:11","date_gmt":"2025-12-22T14:06:11","guid":{"rendered":"https:\/\/www.europesays.com\/de\/664531\/"},"modified":"2025-12-22T14:06:11","modified_gmt":"2025-12-22T14:06:11","slug":"polizei-und-feuerwehr-bekommen-noch-vor-jahresende-3-000-bodycams","status":"publish","type":"post","link":"https:\/\/www.europesays.com\/de\/664531\/","title":{"rendered":"Polizei und Feuerwehr bekommen noch vor Jahresende 3.000 Bodycams"},"content":{"rendered":"<p>Polizei und Feuerwehr in Berlin bekommen noch vor dem Jahresende 3.000 Bodycams. Zum 29. Dezember erfolgt das &#8222;fl\u00e4chendeckende Rollout&#8220;, wie der Innensenat am Montag mitteilte. Die Berliner Polizei bekommt 2.300 Kameras, 700 Bodycams gehen an die Berliner Feuerwehr. &#8222;Dadurch wird zuk\u00fcnftig eine Ausstattung der Dienstkr\u00e4fte im t\u00e4glichen Einsatz m\u00f6glich&#8220;, so die Innenverwaltung weiter. Der Probebetrieb ist damit in Berlin beendet.<\/p>\n<p>Rechtsgrundlage hierf\u00fcr ist die letzte \u00c4nderung des Allgemeinen Sicherheits- und Ordnungsgesetzes, die das Berliner Abgeordnetenhaus Anfang Dezember beschlossen hatte. Berlin hat daf\u00fcr rund drei Millionen Euro in die Hand genommen, so der Innensenat.<\/p>\n","protected":false},"excerpt":{"rendered":"Polizei und Feuerwehr in Berlin bekommen noch vor dem Jahresende 3.000 Bodycams. Zum 29. Dezember erfolgt das &#8222;fl\u00e4chendeckende&hellip;\n","protected":false},"author":2,"featured_media":664532,"comment_status":"","ping_status":"","sticky":false,"template":"","format":"standard","meta":{"footnotes":""},"categories":[1825],"tags":[296,29,30,134296],"class_list":{"0":"post-664531","1":"post","2":"type-post","3":"status-publish","4":"format-standard","5":"has-post-thumbnail","7":"category-berlin","8":"tag-berlin","9":"tag-deutschland","10":"tag-germany","11":"tag-rbb24tagesschau"},"share_on_mastodon":{"url":"https:\/\/pubeurope.com\/@de\/115763608929629595","error":""},"_links":{"self":[{"href":"https:\/\/www.europesays.com\/de\/wp-json\/wp\/v2\/posts\/664531","targetHints":{"allow":["GET"]}}],"collection":[{"href":"https:\/\/www.europesays.com\/de\/wp-json\/wp\/v2\/posts"}],"about":[{"href":"https:\/\/www.europesays.com\/de\/wp-json\/wp\/v2\/types\/post"}],"author":[{"embeddable":true,"href":"https:\/\/www.europesays.com\/de\/wp-json\/wp\/v2\/users\/2"}],"replies":[{"embeddable":true,"href":"https:\/\/www.europesays.com\/de\/wp-json\/wp\/v2\/comments?post=664531"}],"version-history":[{"count":0,"href":"https:\/\/www.europesays.com\/de\/wp-json\/wp\/v2\/posts\/664531\/revisions"}],"wp:featuredmedia":[{"embeddable":true,"href":"https:\/\/www.europesays.com\/de\/wp-json\/wp\/v2\/media\/664532"}],"wp:attachment":[{"href":"https:\/\/www.europesays.com\/de\/wp-json\/wp\/v2\/media?parent=664531"}],"wp:term":[{"taxonomy":"category","embeddable":true,"href":"https:\/\/www.europesays.com\/de\/wp-json\/wp\/v2\/categories?post=664531"},{"taxonomy":"post_tag","embeddable":true,"href":"https:\/\/www.europesays.com\/de\/wp-json\/wp\/v2\/tags?post=664531"}],"curies":[{"name":"wp","href":"https:\/\/api.w.org\/{rel}","templated":true}]}}