{"id":664562,"date":"2025-12-22T14:26:21","date_gmt":"2025-12-22T14:26:21","guid":{"rendered":"https:\/\/www.europesays.com\/de\/664562\/"},"modified":"2025-12-22T14:26:21","modified_gmt":"2025-12-22T14:26:21","slug":"wegen-groenland-daenemark-bestellt-us-botschafter-ein","status":"publish","type":"post","link":"https:\/\/www.europesays.com\/de\/664562\/","title":{"rendered":"Wegen Gr\u00f6nland &#8211; D\u00e4nemark bestellt US-Botschafter ein"},"content":{"rendered":"<p>            <img loading=\"lazy\" decoding=\"async\" class=\"ts-image\" src=\"https:\/\/www.europesays.com\/de\/wp-content\/uploads\/2025\/12\/groenland-178.jpg\" alt=\"Eine Frau geht in der N\u00e4he einer Kirche in Gr\u00f6nland. \" title=\"Eine Frau geht in der N\u00e4he einer Kirche in Gr\u00f6nland.  | dpa\"\/><\/p>\n<p class=\"metatextline\">Stand: 22.12.2025 14:55 Uhr<\/p>\n<p class=\"article-head__shorttext\">\n        <strong>US-Pr\u00e4sident Trump hat einen Sondergesandten f\u00fcr Gr\u00f6nland ernannt und damit umgehend f\u00fcr neue Spannungen gesorgt. D\u00e4nemark &#8211; zu dem die riesige rohstoffreiche Insel geh\u00f6rt &#8211; fordert eine Erkl\u00e4rung und will den US-Botschafter einbestellen.<\/strong>\n    <\/p>\n<p class=\"textabsatz m-ten m-offset-one l-eight l-offset-two columns twelve\">Nach der Ernennung eines US-Sondergesandten f\u00fcr Gr\u00f6nland hat D\u00e4nemarks Au\u00dfenminister Lars L\u00f6kke Rasmussen im Fernsehsender TV2 angek\u00fcndigt, dass er US-Botschafter Ken Howery einbestellen werde. Bereits zuvor hatte Rasmussen in einer an die Nachrichtenagentur AFP \u00fcbermittelten Erkl\u00e4rung die US-Regierung aufgefordert, die Souver\u00e4nit\u00e4t D\u00e4nemarks zu respektieren.<\/p>\n<p class=\"textabsatz m-ten m-offset-one l-eight l-offset-two columns twelve\">Seine Regierung bestehe darauf, dass &#8222;jeder &#8211; einschlie\u00dflich die USA &#8211; Respekt vor der territorialen Integrit\u00e4t des K\u00f6nigreichs D\u00e4nemark zu zeigen hat&#8220;, erkl\u00e4rte Rasmussen. Er sei &#8222;sehr erz\u00fcrnt&#8220; \u00fcber die Ernennung des Gr\u00f6nland-Gesandten und nannte den Schritt &#8222;v\u00f6llig inakzeptabel&#8220;. Der US-Botschafter werde in den kommenden Tagen ins d\u00e4nische Au\u00dfenministerium einbestellt, um von ihm eine &#8222;Erkl\u00e4rung&#8220; f\u00fcr die Ernennung zu erhalten.<\/p>\n<p>    Gr\u00f6nlands Premier: Man kann kein anderes Land annektieren<\/p>\n<p class=\"textabsatz m-ten m-offset-one l-eight l-offset-two columns twelve\">Der gr\u00f6nl\u00e4ndische Regierungschef Jens-Frederik Nielsen zeigte sich zun\u00e4chst weniger emp\u00f6rt. Daf\u00fcr gebe es keinen Grund, schrieb er bei Facebook. Die Ernennung des US-Sondergesandten \u00e4ndere nichts an der Tatsache, dass Gr\u00f6nland sein Schicksal selbst in der Hand habe. &#8222;Wir kooperieren gerne mit anderen L\u00e4ndern, auch mit den USA, aber das muss immer mit Respekt vor uns und unseren Werten und W\u00fcnschen geschehen&#8220;, schrieb Nielsen. &#8222;Wir werden unsere Zukunft selbst bestimmen. Gr\u00f6nland ist unser Land.&#8220;<\/p>\n<p class=\"textabsatz m-ten m-offset-one l-eight l-offset-two columns twelve\">Sp\u00e4ter forderte er in einer gemeinsamen Stellungnahme mit der d\u00e4nischen Ministerpr\u00e4sidentin Mette Frederiksen die Einhaltung der territorialen Integrit\u00e4t Gr\u00f6nlands. &#8222;Wir haben es schon mal gesagt. Jetzt sagen wir es nochmal. Landesgrenzen und die Souver\u00e4nit\u00e4t von Staaten sind im V\u00f6lkerrecht verankert&#8220;, teilten beide mit. &#8222;Das sind grundlegende Prinzipien. Man kann kein anderes Land annektieren.&#8220; Gr\u00f6nland geh\u00f6re den Gr\u00f6nl\u00e4ndern und die USA d\u00fcrften es nicht \u00fcbernehmen.<\/p>\n<p class=\"textabsatz m-ten m-offset-one l-eight l-offset-two columns twelve\">Trump hatte in den vergangenen Monaten wiederholt mit der \u00dcbernahme des rohstoffreichen und zu D\u00e4nemark geh\u00f6renden Inselgebiets durch die USA gedroht.\u00a0Am Sonntag gab er auf seinem Onlinedienst Truth Social die Ernennung von Jeff Landry, Gouverneur des US-Bundesstaats Louisiana, zum Gr\u00f6nland-Beauftragten bekannt.<\/p>\n<p>    Gesandter Landry: &#8222;Gr\u00f6nland zu Teil der USA machen&#8220;<\/p>\n<p class=\"textabsatz m-ten m-offset-one l-eight l-offset-two columns twelve\">Der &#8222;gro\u00dfartige&#8220; Gouverneur verstehe, &#8222;wie wichtig Gr\u00f6nland f\u00fcr unsere nationale Sicherheit ist, und er wird sich mit Nachdruck f\u00fcr die Interessen unseres Landes einsetzen&#8220;, erkl\u00e4rte Trump.\u00a0Landry bedankte sich beim Onlinedienst X und erkl\u00e4rte:\u00a0&#8222;Es ist mir eine Ehre, Ihnen ehrenamtlich dabei zu dienen, Gr\u00f6nland zu einem Teil der Vereinigten Staaten zu machen.&#8220;<\/p>\n<p class=\"textabsatz m-ten m-offset-one l-eight l-offset-two columns twelve\">Der Streit um Gr\u00f6nland war nach Trumps Antritt seiner zweiten Amtszeit im Januar neu ausgebrochen. <a href=\"https:\/\/www.tagesschau.de\/ausland\/europa\/vance-groenland-102.html\" title=\"US-Vizepr\u00e4sident Vance teilt in Gr\u00f6nland gegen D\u00e4nemark aus\" rel=\"nofollow noopener\" target=\"_blank\">Vizepr\u00e4sident JD Vance besuchte Ende M\u00e4rz den US-Milit\u00e4rst\u00fctzpunkt Pituffik<\/a> im Nordwesten Gr\u00f6nlands, was weithin als Provokation gewertet wurde.<\/p>\n<p class=\"textabsatz m-ten m-offset-one l-eight l-offset-two columns twelve\">Ende August berichtete der d\u00e4nische Fernsehsender DR, dass mindestens drei Trump nahestehende Mitarbeiter der US-Regierung versucht h\u00e4tten, in Gr\u00f6nland Einfluss zu nehmen. <a href=\"https:\/\/www.tagesschau.de\/ausland\/europa\/daenemark-groenland-streit-usa-trump-100.html\" title=\"US-Einflussname in Gr\u00f6nland: D\u00e4nemark bestellt US-Botschaftsleiter ein\" rel=\"nofollow noopener\" target=\"_blank\">Daraufhin bestellte D\u00e4nemark den Gesch\u00e4ftstr\u00e4ger der US-Botschaft ein.<\/a><\/p>\n<p class=\"textabsatz m-ten m-offset-one l-eight l-offset-two columns twelve\">Trump hatte bereits in seiner ersten Amtszeit von 2017 bis 2021 den Willen zur \u00dcbernahme des Inselgebiets bekundet und daf\u00fcr Gr\u00fcnde der nationalen und &#8222;internationalen Sicherheit&#8220; angef\u00fchrt.<\/p>\n<p>    Gr\u00f6nland und D\u00e4nemark gegen Annexion<\/p>\n<p class=\"textabsatz m-ten m-offset-one l-eight l-offset-two columns twelve\">Gr\u00f6nland und D\u00e4nemark lehnen eine Annexion entschieden ab. Auf der weltgr\u00f6\u00dften Insel &#8211; das in der Arktis gelegene Gr\u00f6nland ist zu vier F\u00fcnfteln mit Eis bedeckt und sechsmal so gro\u00df wie Deutschland &#8211; leben etwa 57.000 Menschen. Im Boden lagern wertvolle Rohstoffe, die bisher kaum genutzt werden. Seit 1979 ist Gr\u00f6nland in vielen Bereichen autonom, doch entscheidet etwa \u00fcber die Au\u00dfen- und Verteidigungspolitik weiterhin D\u00e4nemark.<\/p>\n","protected":false},"excerpt":{"rendered":"Stand: 22.12.2025 14:55 Uhr US-Pr\u00e4sident Trump hat einen Sondergesandten f\u00fcr Gr\u00f6nland ernannt und damit umgehend f\u00fcr neue Spannungen&hellip;\n","protected":false},"author":2,"featured_media":664563,"comment_status":"","ping_status":"","sticky":false,"template":"","format":"standard","meta":{"footnotes":""},"categories":[5],"tags":[1160,452,13,14,15,12,10,8,9,11,64],"class_list":{"0":"post-664562","1":"post","2":"type-post","3":"status-publish","4":"format-standard","5":"has-post-thumbnail","7":"category-nachrichten","8":"tag-daenemark","9":"tag-groenland","10":"tag-headlines","11":"tag-nachrichten","12":"tag-news","13":"tag-schlagzeilen","14":"tag-top-news","15":"tag-top-meldungen","16":"tag-topmeldungen","17":"tag-topnews","18":"tag-usa"},"share_on_mastodon":{"url":"https:\/\/pubeurope.com\/@de\/115763688173092069","error":""},"_links":{"self":[{"href":"https:\/\/www.europesays.com\/de\/wp-json\/wp\/v2\/posts\/664562","targetHints":{"allow":["GET"]}}],"collection":[{"href":"https:\/\/www.europesays.com\/de\/wp-json\/wp\/v2\/posts"}],"about":[{"href":"https:\/\/www.europesays.com\/de\/wp-json\/wp\/v2\/types\/post"}],"author":[{"embeddable":true,"href":"https:\/\/www.europesays.com\/de\/wp-json\/wp\/v2\/users\/2"}],"replies":[{"embeddable":true,"href":"https:\/\/www.europesays.com\/de\/wp-json\/wp\/v2\/comments?post=664562"}],"version-history":[{"count":0,"href":"https:\/\/www.europesays.com\/de\/wp-json\/wp\/v2\/posts\/664562\/revisions"}],"wp:featuredmedia":[{"embeddable":true,"href":"https:\/\/www.europesays.com\/de\/wp-json\/wp\/v2\/media\/664563"}],"wp:attachment":[{"href":"https:\/\/www.europesays.com\/de\/wp-json\/wp\/v2\/media?parent=664562"}],"wp:term":[{"taxonomy":"category","embeddable":true,"href":"https:\/\/www.europesays.com\/de\/wp-json\/wp\/v2\/categories?post=664562"},{"taxonomy":"post_tag","embeddable":true,"href":"https:\/\/www.europesays.com\/de\/wp-json\/wp\/v2\/tags?post=664562"}],"curies":[{"name":"wp","href":"https:\/\/api.w.org\/{rel}","templated":true}]}}