{"id":664566,"date":"2025-12-22T14:28:18","date_gmt":"2025-12-22T14:28:18","guid":{"rendered":"https:\/\/www.europesays.com\/de\/664566\/"},"modified":"2025-12-22T14:28:18","modified_gmt":"2025-12-22T14:28:18","slug":"raeuberische-erpressung-in-aachen-polizei-sucht-zeugen-nach-angriff-an-bahnhaltestelle","status":"publish","type":"post","link":"https:\/\/www.europesays.com\/de\/664566\/","title":{"rendered":"R\u00e4uberische Erpressung in Aachen: Polizei sucht Zeugen nach Angriff an Bahnhaltestelle"},"content":{"rendered":"<p class=\"Paragraph_paragraph__exhQA Paragraph_paragraph--default-lg-default__8QZrI articleParagraph\">In Aachen ist es am Samstag, 20. Dezember zu einer r\u00e4uberischen Erpressung gekommen. Das teilt die Polizei Aachen mit. Gegen 6 Uhr haben zwei Unbekannte demnach einen 25-j\u00e4hrigen Mann, der sich an den Gleisen der Bahnhaltestelle \u201eSchanz\u201c aufhielt, von hinten attackiert und die Herausgabe von Geld gefordert. Weil der Mann kein Geld geben konnte, forderten sie seine Bluetooth-Kopfh\u00f6rer. Mit der Beute fl\u00fcchteten sie anschlie\u00dfend Richtung Vaalser Stra\u00dfe. Mit zeitlicher Verz\u00f6gerung alarmierte der Aachener die Polizei. Er wurde bei dem Angriff leicht verletzt.<\/p>\n<p><a href=\"https:\/\/www.aachener-zeitung.de\/lokales\/region-aachen\/aachen\/verdacht-auf-illegales-autorennen-zwei-wagen-nach-raserei-auf-juelicher-strasse-beschlagnahmt\/117211773.html\" class=\"RelatedTeaser_related-teaser__w3AgI RelatedTeaser_related-teaser--image__GJcRr read-more_withImage__1YJa_\" data-article-id=\"117211773\" rel=\"nofollow noopener\" target=\"_blank\"><\/p>\n<p>Lesen Sie auch:Verdacht auf illegales Autorennen: Zwei Wagen nach Raserei auf J\u00fclicher Stra\u00dfe beschlagnahmt<\/p>\n<p><\/a><\/p>\n<p class=\"Paragraph_paragraph__exhQA Paragraph_paragraph--default-lg-default__8QZrI articleParagraph\">Das zust\u00e4ndige Kriminalkommissariat hat die Ermittlungen aufgenommen. Zu den mutma\u00dflichen Angreifern teilt die Polizei nur mit, dass einer der beiden eine \u201edunklere Hautfarbe\u201c haben soll. Wer Angaben zu dem Sachverhalt in Aachen machen kann, soll sich unter der Rufnummer 0241-957731501 melden. Au\u00dferhalb der B\u00fcrozeiten ist die Kriminalwache unter 0241-957734210 zu erreichen.<\/p>\n","protected":false},"excerpt":{"rendered":"In Aachen ist es am Samstag, 20. Dezember zu einer r\u00e4uberischen Erpressung gekommen. Das teilt die Polizei Aachen&hellip;\n","protected":false},"author":2,"featured_media":664567,"comment_status":"","ping_status":"","sticky":false,"template":"","format":"standard","meta":{"footnotes":""},"categories":[1853],"tags":[1424,3364,29,548,663,3934,30,13,14,15,1209,12],"class_list":{"0":"post-664566","1":"post","2":"type-post","3":"status-publish","4":"format-standard","5":"has-post-thumbnail","7":"category-aachen","8":"tag-aachen","9":"tag-de","10":"tag-deutschland","11":"tag-eu","12":"tag-europa","13":"tag-europe","14":"tag-germany","15":"tag-headlines","16":"tag-nachrichten","17":"tag-news","18":"tag-nordrhein-westfalen","19":"tag-schlagzeilen"},"share_on_mastodon":{"url":"https:\/\/pubeurope.com\/@de\/115763695128654127","error":""},"_links":{"self":[{"href":"https:\/\/www.europesays.com\/de\/wp-json\/wp\/v2\/posts\/664566","targetHints":{"allow":["GET"]}}],"collection":[{"href":"https:\/\/www.europesays.com\/de\/wp-json\/wp\/v2\/posts"}],"about":[{"href":"https:\/\/www.europesays.com\/de\/wp-json\/wp\/v2\/types\/post"}],"author":[{"embeddable":true,"href":"https:\/\/www.europesays.com\/de\/wp-json\/wp\/v2\/users\/2"}],"replies":[{"embeddable":true,"href":"https:\/\/www.europesays.com\/de\/wp-json\/wp\/v2\/comments?post=664566"}],"version-history":[{"count":0,"href":"https:\/\/www.europesays.com\/de\/wp-json\/wp\/v2\/posts\/664566\/revisions"}],"wp:featuredmedia":[{"embeddable":true,"href":"https:\/\/www.europesays.com\/de\/wp-json\/wp\/v2\/media\/664567"}],"wp:attachment":[{"href":"https:\/\/www.europesays.com\/de\/wp-json\/wp\/v2\/media?parent=664566"}],"wp:term":[{"taxonomy":"category","embeddable":true,"href":"https:\/\/www.europesays.com\/de\/wp-json\/wp\/v2\/categories?post=664566"},{"taxonomy":"post_tag","embeddable":true,"href":"https:\/\/www.europesays.com\/de\/wp-json\/wp\/v2\/tags?post=664566"}],"curies":[{"name":"wp","href":"https:\/\/api.w.org\/{rel}","templated":true}]}}