{"id":664578,"date":"2025-12-22T14:35:32","date_gmt":"2025-12-22T14:35:32","guid":{"rendered":"https:\/\/www.europesays.com\/de\/664578\/"},"modified":"2025-12-22T14:35:32","modified_gmt":"2025-12-22T14:35:32","slug":"sv-wehen-wiesbaden-verstaerkt-torhueterposition-nach-stritzels-verletzung","status":"publish","type":"post","link":"https:\/\/www.europesays.com\/de\/664578\/","title":{"rendered":"SV Wehen Wiesbaden verst\u00e4rkt Torh\u00fcterposition nach Stritzels Verletzung"},"content":{"rendered":"<p class=\"paragraph --regular --color\" data-v-7b2e5916=\"\" data-v-0c32301e=\"\">\u201eAls der Verein auf mich zugekommen ist, hatte ich sofort das Gef\u00fchl, dass es gut passen k\u00f6nnte. Nach meinem sch\u00f6nen Auslandsjahr in Zypern wollte ich mit meiner Familie wieder in Deutschland Fu\u00df fassen. Der SVWW ist ein famili\u00e4r gef\u00fchrter Verein und die N\u00e4he zu meiner Heimat hat mir die Entscheidung zus\u00e4tzlich erleichtert\u201d, erkl\u00e4rt Kevin Broll. \u201eIch freue mich auf das Team und die gemeinsamen Spiele. Mein Ziel ist es, gut zu trainieren, der Mannschaft mit meiner Erfahrung zu helfen und ihr den R\u00fccken zu st\u00e4rken. Gemeinsam wollen wir in der Liga oben angreifen.\u201c<\/p>\n","protected":false},"excerpt":{"rendered":"\u201eAls der Verein auf mich zugekommen ist, hatte ich sofort das Gef\u00fchl, dass es gut passen k\u00f6nnte. Nach&hellip;\n","protected":false},"author":2,"featured_media":664579,"comment_status":"","ping_status":"","sticky":false,"template":"","format":"standard","meta":{"footnotes":""},"categories":[1847],"tags":[3364,29,548,663,3934,30,13,2052,11188,14,15,10236,11189,12,11190,4544],"class_list":{"0":"post-664578","1":"post","2":"type-post","3":"status-publish","4":"format-standard","5":"has-post-thumbnail","7":"category-wiesbaden","8":"tag-de","9":"tag-deutschland","10":"tag-eu","11":"tag-europa","12":"tag-europe","13":"tag-germany","14":"tag-headlines","15":"tag-hessen","16":"tag-main-taunus","17":"tag-nachrichten","18":"tag-news","19":"tag-rhein-main","20":"tag-rheingau","21":"tag-schlagzeilen","22":"tag-untertaunus","23":"tag-wiesbaden"},"share_on_mastodon":{"url":"https:\/\/pubeurope.com\/@de\/115763722545259896","error":""},"_links":{"self":[{"href":"https:\/\/www.europesays.com\/de\/wp-json\/wp\/v2\/posts\/664578","targetHints":{"allow":["GET"]}}],"collection":[{"href":"https:\/\/www.europesays.com\/de\/wp-json\/wp\/v2\/posts"}],"about":[{"href":"https:\/\/www.europesays.com\/de\/wp-json\/wp\/v2\/types\/post"}],"author":[{"embeddable":true,"href":"https:\/\/www.europesays.com\/de\/wp-json\/wp\/v2\/users\/2"}],"replies":[{"embeddable":true,"href":"https:\/\/www.europesays.com\/de\/wp-json\/wp\/v2\/comments?post=664578"}],"version-history":[{"count":0,"href":"https:\/\/www.europesays.com\/de\/wp-json\/wp\/v2\/posts\/664578\/revisions"}],"wp:featuredmedia":[{"embeddable":true,"href":"https:\/\/www.europesays.com\/de\/wp-json\/wp\/v2\/media\/664579"}],"wp:attachment":[{"href":"https:\/\/www.europesays.com\/de\/wp-json\/wp\/v2\/media?parent=664578"}],"wp:term":[{"taxonomy":"category","embeddable":true,"href":"https:\/\/www.europesays.com\/de\/wp-json\/wp\/v2\/categories?post=664578"},{"taxonomy":"post_tag","embeddable":true,"href":"https:\/\/www.europesays.com\/de\/wp-json\/wp\/v2\/tags?post=664578"}],"curies":[{"name":"wp","href":"https:\/\/api.w.org\/{rel}","templated":true}]}}