{"id":664619,"date":"2025-12-22T15:05:13","date_gmt":"2025-12-22T15:05:13","guid":{"rendered":"https:\/\/www.europesays.com\/de\/664619\/"},"modified":"2025-12-22T15:05:13","modified_gmt":"2025-12-22T15:05:13","slug":"pol-du-beeck-streit-unter-jugendlichen-kriminalpolizei-ermittelt","status":"publish","type":"post","link":"https:\/\/www.europesays.com\/de\/664619\/","title":{"rendered":"POL-DU: Beeck: Streit unter Jugendlichen &#8211; Kriminalpolizei ermittelt"},"content":{"rendered":"<p class=\"date\">22.12.2025 \u2013 15:52<\/p>\n<p class=\"customer\">\n                        <a class=\"story-customer\" title=\"weiter zum newsroom von Polizei Duisburg\" href=\"https:\/\/www.presseportal.de\/blaulicht\/nr\/50510\" target=\"_blank\" rel=\"noopener\">Polizei Duisburg<\/a>\n                    <\/p>\n<p><a data-category=\"citylink-story-view\" data-action=\"click\" data-label=\"Citylink in Meldungsansicht\" class=\"story-city event-trigger\" href=\"https:\/\/www.presseportal.de\/regional\/Duisburg\" title=\"News aus Duisburg \" target=\"_blank\" rel=\"noopener\">Duisburg<\/a> (ots)<\/p>\n<p>Am Freitagmittag (19. Dezember, 11:50 Uhr) soll es an der M\u00f6hlenkampstra\u00dfe an einer Bushalte-stelle in H\u00f6he einer Schule zu einer Auseinandersetzung zwischen Sch\u00fclern gekommen sein.<\/p>\n<p>Als die Polizisten eintrafen, stellten sie keine Auseinandersetzung mehr fest es und es waren nur noch einzelne Personen vor Ort. Zeugen schilderten den Einsatzkr\u00e4ften, was geschehen sein soll:<\/p>\n<p>Es soll bereits am Vortag (18. Dezember) zu einem mutma\u00dflich beleidigenden Streit zwischen Sch\u00fclern gekommen sein. Aus bisher unbekannten Gr\u00fcnden seien die Diskrepanzen am Freitag erneut hochgekocht. Die Folge: Es soll zu einer k\u00f6rperlichen Auseinandersetzung zwischen den Kontrahenten sowie weiteren Personen gekommen sein, bei der auch Pfefferspray eingesetzt worden sein soll. Laut Zeugenaussagen seien circa ein Dutzend Personen beteiligt gewesen. Drei Jugendliche im Alter von 16 und 17 Jahren haben in Folge des Reizgases leichte Verletzungen erlitten.<\/p>\n<p>Einen der Leichtverletzten (17) konnten die Beamten vor Ort antreffen, die anderen beiden haben die \u00d6rtlichkeit zuvor verlassen. Um eine medizinische Versorgung werde der 17-J\u00e4hrige sich selbst k\u00fcmmern &#8211; berichtete er den Polizisten. Die Uniformierten nahmen noch vor Ort die Anzeige sowie die Personalien mehrerer Anwesender auf.<\/p>\n<p>Die Ermittlungen der Kriminalpolizei zu den Beteiligten und zu den Hintergr\u00fcnden der gef\u00e4hrlichen K\u00f6rperverletzung dauern derzeit an.<\/p>\n<p class=\"contact-headline\">Journalisten wenden sich mit R\u00fcckfragen bitte an:<\/p>\n<p class=\"contact-text\">Polizei Duisburg<br \/>&#8211; Pressestelle &#8211;<br \/>Polizei Duisburg<br \/>Telefon: 0203 280 -1041, -1045, -1046, -1047<br \/>Fax: 0203 280 1049<br \/>E-Mail: <a href=\"https:\/\/www.presseportal.de\/blaulicht\/pm\/50510\/mailto: pressestelle.duisburg@polizei.nrw.de\" class=\"uri-mailto\" target=\"_blank\" rel=\"noopener\"> pressestelle.duisburg@polizei.nrw.de<\/a><br \/><a target=\"_blank\" class=\"uri-ext outbound\" rel=\"noopener\" href=\"https:\/\/duisburg.polizei.nrw\">https:\/\/duisburg.polizei.nrw<\/a><\/p>\n<p>au\u00dferhalb der B\u00fcrodienstzeiten:<br \/>Polizei Duisburg<br \/>Telefon: 0203 2800<\/p>\n<p class=\"originator\">Original-Content von: Polizei Duisburg, \u00fcbermittelt durch news aktuell<\/p>\n","protected":false},"excerpt":{"rendered":"22.12.2025 \u2013 15:52 Polizei Duisburg Duisburg (ots) Am Freitagmittag (19. Dezember, 11:50 Uhr) soll es an der M\u00f6hlenkampstra\u00dfe&hellip;\n","protected":false},"author":2,"featured_media":386213,"comment_status":"","ping_status":"","sticky":false,"template":"","format":"standard","meta":{"footnotes":""},"categories":[1838],"tags":[3364,29,3715,30,177,1209,176,121,178,180,179,181],"class_list":{"0":"post-664619","1":"post","2":"type-post","3":"status-publish","4":"format-standard","5":"has-post-thumbnail","7":"category-duisburg","8":"tag-de","9":"tag-deutschland","10":"tag-duisburg","11":"tag-germany","12":"tag-kriminalitt","13":"tag-nordrhein-westfalen","14":"tag-nrw","15":"tag-polizei","16":"tag-presse","17":"tag-pressemeldung","18":"tag-pressemitteilung","19":"tag-pressemitteilungen"},"share_on_mastodon":{"url":"https:\/\/pubeurope.com\/@de\/115763840578286933","error":""},"_links":{"self":[{"href":"https:\/\/www.europesays.com\/de\/wp-json\/wp\/v2\/posts\/664619","targetHints":{"allow":["GET"]}}],"collection":[{"href":"https:\/\/www.europesays.com\/de\/wp-json\/wp\/v2\/posts"}],"about":[{"href":"https:\/\/www.europesays.com\/de\/wp-json\/wp\/v2\/types\/post"}],"author":[{"embeddable":true,"href":"https:\/\/www.europesays.com\/de\/wp-json\/wp\/v2\/users\/2"}],"replies":[{"embeddable":true,"href":"https:\/\/www.europesays.com\/de\/wp-json\/wp\/v2\/comments?post=664619"}],"version-history":[{"count":0,"href":"https:\/\/www.europesays.com\/de\/wp-json\/wp\/v2\/posts\/664619\/revisions"}],"wp:featuredmedia":[{"embeddable":true,"href":"https:\/\/www.europesays.com\/de\/wp-json\/wp\/v2\/media\/386213"}],"wp:attachment":[{"href":"https:\/\/www.europesays.com\/de\/wp-json\/wp\/v2\/media?parent=664619"}],"wp:term":[{"taxonomy":"category","embeddable":true,"href":"https:\/\/www.europesays.com\/de\/wp-json\/wp\/v2\/categories?post=664619"},{"taxonomy":"post_tag","embeddable":true,"href":"https:\/\/www.europesays.com\/de\/wp-json\/wp\/v2\/tags?post=664619"}],"curies":[{"name":"wp","href":"https:\/\/api.w.org\/{rel}","templated":true}]}}