{"id":664791,"date":"2025-12-22T16:59:17","date_gmt":"2025-12-22T16:59:17","guid":{"rendered":"https:\/\/www.europesays.com\/de\/664791\/"},"modified":"2025-12-22T16:59:17","modified_gmt":"2025-12-22T16:59:17","slug":"stadt-klaert-situation-an-der-suedstrasse","status":"publish","type":"post","link":"https:\/\/www.europesays.com\/de\/664791\/","title":{"rendered":"Stadt kl\u00e4rt Situation an der S\u00fcdstra\u00dfe"},"content":{"rendered":"<p>\t\tKein Wendehammer, kein Parkplatz<br \/>\n\t\t\t\t\tStadt kl\u00e4rt Situation an der S\u00fcdstra\u00dfe<\/p>\n<p>\t\t<img alt=\"\" src=\"https:\/\/www.europesays.com\/de\/wp-content\/uploads\/2025\/05\/630_0036_48786_.jpg\"  class=\"avatar avatar-36 photo avatar-default\" height=\"36\" width=\"36\" loading=\"eager\" decoding=\"async\"\/>\t\t<a class=\"article-author__name\" href=\"https:\/\/www.ruhrnachrichten.de\/author\/andreas-schroeter\/\" rel=\"author noopener\" target=\"_blank\">Andreas Schr\u00f6ter<\/a><br \/>\n\t\tRedakteur<\/p>\n<p>    <a href=\"https:\/\/www.ruhrnachrichten.de\/wp-content\/uploads\/2025\/12\/22\/16\/630_0900_5521180_-1648x824.jpg\" target=\"_blank\" rel=\"noopener\"><\/p>\n<p>            <img loading=\"lazy\" decoding=\"async\" src=\"https:\/\/www.europesays.com\/de\/wp-content\/uploads\/2025\/12\/630_0900_5521177_-640x428.jpg\" width=\"640\" height=\"428\"  alt=\"\"\/><\/p>\n<p>    <\/a><br \/>\n    Das Ende der Sackgasse \u201eS\u00fcdstra\u00dfe\u201c in Brackel ist laut Stadt kein Wendehammer. Geparkt werden darf dort nicht. \u00a9 Andreas Schr\u00f6ter<\/p>\n<p class=\"article__teaser-text\">Parken am Ende der S\u00fcdstra\u00dfe ist unzul\u00e4ssig. Das Tiefbauamt stuft die Fl\u00e4che als enge Stra\u00dfenstelle ein \u2013 mit gesetzlichem Haltverbot.<\/p>\n<p>1 Min Lesezeit<\/p>\n","protected":false},"excerpt":{"rendered":"Kein Wendehammer, kein Parkplatz Stadt kl\u00e4rt Situation an der S\u00fcdstra\u00dfe Andreas Schr\u00f6ter Redakteur Das Ende der Sackgasse \u201eS\u00fcdstra\u00dfe\u201c&hellip;\n","protected":false},"author":2,"featured_media":664792,"comment_status":"","ping_status":"","sticky":false,"template":"","format":"standard","meta":{"footnotes":""},"categories":[1833],"tags":[10138,3364,29,217,30,1209,3587],"class_list":{"0":"post-664791","1":"post","2":"type-post","3":"status-publish","4":"format-standard","5":"has-post-thumbnail","7":"category-dortmund","8":"tag-brackel","9":"tag-de","10":"tag-deutschland","11":"tag-dortmund","12":"tag-germany","13":"tag-nordrhein-westfalen","14":"tag-verkehr-mobilitaet"},"share_on_mastodon":{"url":"https:\/\/pubeurope.com\/@de\/115764291206374014","error":""},"_links":{"self":[{"href":"https:\/\/www.europesays.com\/de\/wp-json\/wp\/v2\/posts\/664791","targetHints":{"allow":["GET"]}}],"collection":[{"href":"https:\/\/www.europesays.com\/de\/wp-json\/wp\/v2\/posts"}],"about":[{"href":"https:\/\/www.europesays.com\/de\/wp-json\/wp\/v2\/types\/post"}],"author":[{"embeddable":true,"href":"https:\/\/www.europesays.com\/de\/wp-json\/wp\/v2\/users\/2"}],"replies":[{"embeddable":true,"href":"https:\/\/www.europesays.com\/de\/wp-json\/wp\/v2\/comments?post=664791"}],"version-history":[{"count":0,"href":"https:\/\/www.europesays.com\/de\/wp-json\/wp\/v2\/posts\/664791\/revisions"}],"wp:featuredmedia":[{"embeddable":true,"href":"https:\/\/www.europesays.com\/de\/wp-json\/wp\/v2\/media\/664792"}],"wp:attachment":[{"href":"https:\/\/www.europesays.com\/de\/wp-json\/wp\/v2\/media?parent=664791"}],"wp:term":[{"taxonomy":"category","embeddable":true,"href":"https:\/\/www.europesays.com\/de\/wp-json\/wp\/v2\/categories?post=664791"},{"taxonomy":"post_tag","embeddable":true,"href":"https:\/\/www.europesays.com\/de\/wp-json\/wp\/v2\/tags?post=664791"}],"curies":[{"name":"wp","href":"https:\/\/api.w.org\/{rel}","templated":true}]}}