{"id":664850,"date":"2025-12-22T17:33:14","date_gmt":"2025-12-22T17:33:14","guid":{"rendered":"https:\/\/www.europesays.com\/de\/664850\/"},"modified":"2025-12-22T17:33:14","modified_gmt":"2025-12-22T17:33:14","slug":"gebrauchtwagencheck-vw-t-roc-ist-klassensieger-beim-tuev-auch-adac-lobt","status":"publish","type":"post","link":"https:\/\/www.europesays.com\/de\/664850\/","title":{"rendered":"Gebrauchtwagencheck: VW T-Roc ist Klassensieger beim T\u00fcv, auch ADAC lobt"},"content":{"rendered":"<p>GebrauchtwagencheckVW T-Roc ist Klassensieger beim T\u00fcv, auch ADAC lobt<\/p>\n<p>22.12.2025, 17:11 Uhr <\/p>\n<p>Artikel anh\u00f6ren(03:57 min)<\/p>\n<p><img decoding=\"async\" class=\"Image_img__fQCi0 Image_Img_16_9__4BLfH\" loading=\"eager\" fetchpriority=\"high\" src=\"https:\/\/www.europesays.com\/de\/wp-content\/uploads\/2025\/12\/Fels-in-der-Brandung-Was-taugt-der-VW-T-Roc-als-Gebrauchtwagen.webp.webp\" alt=\"Fels-in-der-Brandung-Was-taugt-der-VW-T-Roc-als-Gebrauchtwagen\"\/>Was taugt der VW T-Roc als Gebrauchtwagen? T\u00fcv und ADAC sagen: sehr viel. TeilenFolgen auf:<a href=\"https:\/\/www.whatsapp.com\/channel\/0029Va5cdVJD8SDp5YZgYF01\" title=\"Auf WhatsApp folgen\" target=\"_blank\" rel=\"noopener\"><img decoding=\"async\" src=\"https:\/\/www.n-tv.de\/socialIcons\/whatsapp.svg\" alt=\"whatsapp\" class=\"ArticleShare_icon__FsrC2\"\/><\/a><a href=\"https:\/\/news.google.com\/publications\/CAAiEPMdif5mpRNxiLOeUpHCwwsqFAgKIhDzHYn-ZqUTcYiznlKRwsML?hl=de&amp;gl=DE&amp;ceid=DE%3Ade\" title=\"Auf Google News folgen\" target=\"_blank\" rel=\"noopener\"><img decoding=\"async\" src=\"https:\/\/www.n-tv.de\/socialIcons\/google.svg\" alt=\"whatsapp\" class=\"ArticleShare_icon__FsrC2\"\/><\/a><\/p>\n<p class=\"Typography_text-m__XI0da Typography_weight-bold__uT6mq storyline_lead_text_leadtext__q_wg8\">Der VW T-Roc ist VWs Kompakt-SUV unterhalb des Tiguan. Als Gebrauchter kommt er hoch hinaus: Sein Abschneiden bei der Kfz-Hauptuntersuchung ist vorbildlich.<\/p>\n<p class=\"Typography_text-default__P3otY Typography_weight-normal__pqUbH storyline_paragraph_p__qSR5N\">Kommt ein Nachfolger, sinken die Gebrauchtwagenpreise des Vorg\u00e4ngers: Dieses erwartbare Muster k\u00f6nnte auch beim VW T-Roc zutreffen, der sich Ende November 2025 mit der zweiten Generation verj\u00fcngte. Allerdings z\u00e4hlen VW auf dem Zweitmarkt generell zu den eher teuren Autos, womit sich Schn\u00e4ppchen relativieren.<\/p>\n<p class=\"Typography_text-default__P3otY Typography_weight-normal__pqUbH storyline_paragraph_p__qSR5N\">Zu welchem Preis auch immer man es bekommen kann: Auf dem Pr\u00fcfstand gibt sich das Kompakt-SUV robust. Als gar &#8222;verschlei\u00dffest&#8220; beurteilt der &#8222;Auto Bild T\u00dcV-Report 2026&#8220; das Modell. Aber auch das muss relativiert werden.<\/p>\n<p class=\"Typography_text-default__P3otY Typography_weight-normal__pqUbH storyline_paragraph_p__qSR5N\"><b class=\"bold\">Modellhistorie<\/b><\/p>\n<p class=\"Typography_text-default__P3otY Typography_weight-normal__pqUbH storyline_paragraph_p__qSR5N\">Den Startschuss f\u00fcr den T-Roc als Wolfsburger Spielart des Audi Q2, mit dem er technisch eng verwandt ist, gab Volkswagen im Jahr 2017. Die Modellpflege von 2022 bedeutete ein retuschiertes Design mit \u00fcberarbeiteten Sch\u00fcrzen und Schwellern, LED-Technik f\u00fcr die Scheinwerfer ab Werk, standardm\u00e4\u00dfig verbaute Digitalinstrumente und optimierte Assistenzsysteme. Im November 2025 startete die Zweitauflage durch, die ausschlie\u00dflich mit Mild- oder Vollhybrid-Antrieben best\u00fcckt ist.<\/p>\n<p class=\"Typography_text-default__P3otY Typography_weight-normal__pqUbH storyline_paragraph_p__qSR5N\"><b class=\"bold\">Karosserie und Varianten<\/b><\/p>\n<p class=\"Typography_text-default__P3otY Typography_weight-normal__pqUbH storyline_paragraph_p__qSR5N\">Der T-Roc ist unterhalb des gr\u00f6\u00dferen Tiguan angesiedelt, weist gattungstypisch aber die gleichen Grundz\u00fcge auf: Die Karosserie baut h\u00f6her als etwa bei einem Golf, entsprechend hoch ist die Sitzposition. Alleinstellungsmerkmal: Es gibt eine Cabrioversion, die nach dem Generationswechsel bis 2027 als Neuwagen im Programm bleibt. Als Top-Modell fungiert die R-Variante mit 300 PS unter der Haube. Bei den Allradversionen steht &#8222;4Motion&#8220; am Heck.<\/p>\n<p class=\"Typography_text-default__P3otY Typography_weight-normal__pqUbH storyline_paragraph_p__qSR5N\"><b class=\"bold\">Abmessungen (laut ADAC)<\/b><\/p>\n<p class=\"Typography_text-default__P3otY Typography_weight-normal__pqUbH storyline_paragraph_p__qSR5N\">4,23 m bis 4,24 m x 1,82 m x 1,56 m bis 1,57 m (LxBxH), Kofferraumvolumen: 445 l bis 1.290 l; Cabriolet: 4,27 m x 1,81 m x 1,53 m (LxBxH), Kofferraumvolumen: 284 l.<\/p>\n<p class=\"Typography_text-default__P3otY Typography_weight-normal__pqUbH storyline_paragraph_p__qSR5N\"><b class=\"bold\">St\u00e4rken<\/b><\/p>\n<p class=\"Typography_text-default__P3otY Typography_weight-normal__pqUbH storyline_paragraph_p__qSR5N\">Der T\u00fcv-Report bescheinigt dem T-Roc mit Blick auf dessen Abschneiden bei der Kfz-Hauptuntersuchung (HU) den Klassensieg unter den SUV. \u00dcberdurchschnittlich viele Exemplare absolvieren die T\u00fcv-Pr\u00fcfung demnach m\u00e4ngelfrei. Im Fahrwerkskapitel, bei den Bremskomponenten oder dem Licht \u2013 nirgendwo sind die Beanstandungsquoten auff\u00e4llig hoch \u2013 eher das Gegenteil ist der Fall.<\/p>\n<p class=\"Typography_text-default__P3otY Typography_weight-normal__pqUbH storyline_paragraph_p__qSR5N\"><b class=\"bold\">Schw\u00e4chen<\/b><\/p>\n<p class=\"Typography_text-default__P3otY Typography_weight-normal__pqUbH storyline_paragraph_p__qSR5N\">In einzelnen Pr\u00fcfdisziplinen gibt es Kritik, dies aber stets selten: So verschlei\u00dfen nat\u00fcrlich auch am T-Roc die Bremsscheiben \u2013 doch die M\u00e4ngelquoten liegen weit unter dem Durchschnitt. Hier und da erntet das Abblendlicht einen R\u00fcffel, \u00e4ltere Exemplare fallen schon mal mit schw\u00e4chelnden Feder und D\u00e4mpfern oder \u00d6lverlust auf, der zur dritten HU leicht ansteigt. Ebenfalls nur in Ausnahmef\u00e4llen verpatzt der T-Roc die Abgasuntersuchung (AU).<\/p>\n<p class=\"Typography_text-default__P3otY Typography_weight-normal__pqUbH storyline_paragraph_p__qSR5N\"><b class=\"bold\">Pannenverhalten<\/b><\/p>\n<p class=\"Typography_text-default__P3otY Typography_weight-normal__pqUbH storyline_paragraph_p__qSR5N\">Ebenfalls nichts strukturell zu kritisieren hat der ADAC. Zumindest in der Pannenstatistik des gr\u00f6\u00dften deutschen Autoclubs ergibt sich eine &#8222;hohe bis sehr hohe Zuverl\u00e4ssigkeit&#8220;, so der ADAC auf Anfrage. Auch Pannenschwerpunkte lassen sich demnach nicht benennen: Es gebe &#8222;keine auff\u00e4lligen Bauteile&#8220;.<\/p>\n<p class=\"Typography_text-default__P3otY Typography_weight-normal__pqUbH storyline_paragraph_p__qSR5N\"><b class=\"bold\">Motoren<\/b><\/p>\n<ul class=\"storyline_list_bulleted_ul__UBKND\">\n<li>\n<p class=\"Typography_text-default__P3otY Typography_weight-normal__pqUbH storyline_paragraph_p__qSR5N\">Benziner (Drei- und Vierzylinder, Front- und Allradantrieb): 81 kW\/110 PS bis 221 kW\/300 PS<\/p>\n<\/li>\n<li>\n<p class=\"Typography_text-default__P3otY Typography_weight-normal__pqUbH storyline_paragraph_p__qSR5N\">Diesel (Vierzylinder, Front- und Allradantrieb): 85 kW\/115 PS bis 140 kW\/190 PS<\/p>\n<\/li>\n<\/ul>\n<p class=\"Typography_text-default__P3otY Typography_weight-normal__pqUbH storyline_paragraph_p__qSR5N\"><b class=\"bold\">H\u00e4ndler-Verkaufswert nach Angaben der Deutschen Automobil Treuhand (DAT) mit statistisch erwartbaren Kilometern &#8211; drei Preisbeispiele<\/b><\/p>\n<ul class=\"storyline_list_bulleted_ul__UBKND\">\n<li>\n<p class=\"Typography_text-default__P3otY Typography_weight-normal__pqUbH storyline_paragraph_p__qSR5N\">T-Roc 1.0 TSI Basis (6\/2018); 85 kW\/116 PS (Dreizylinder); 85.000 Kilometer; 12.728 Euro.<\/p>\n<\/li>\n<li>\n<p class=\"Typography_text-default__P3otY Typography_weight-normal__pqUbH storyline_paragraph_p__qSR5N\">T-Roc Cabriolet 1.5 TSI Style OPF (6\/2020); 110 kW\/150 PS (Vierzylinder); 64.000 Kilometer; 18.084 Euro.<\/p>\n<\/li>\n<li>\n<p class=\"Typography_text-default__P3otY Typography_weight-normal__pqUbH storyline_paragraph_p__qSR5N\">T-Roc 2.0 TDI Style 4Motion (6\/2022); 110 kW\/150 PS (Vierzylinder); 53.000 Kilometer; 24.727 Euro.<\/p>\n<\/li>\n<\/ul>\n<p class=\"Typography_text-s__wu_cm Typography_weight-normal__pqUbH Typography_color-darkgrey__sZEnP article-detail-footer_source__KslPc\">Quelle: ntv.de, abe\/dpa<\/p>\n","protected":false},"excerpt":{"rendered":"GebrauchtwagencheckVW T-Roc ist Klassensieger beim T\u00fcv, auch ADAC lobt 22.12.2025, 17:11 Uhr Artikel anh\u00f6ren(03:57 min) Was taugt der&hellip;\n","protected":false},"author":2,"featured_media":664851,"comment_status":"","ping_status":"","sticky":false,"template":"","format":"standard","meta":{"footnotes":""},"categories":[134],"tags":[4074,495,175,170,169,29,23986,30,171,174,12786,173,172,12198],"class_list":{"0":"post-664850","1":"post","2":"type-post","3":"status-publish","4":"format-standard","5":"has-post-thumbnail","7":"category-unternehmen-maerkte","8":"tag-adac","9":"tag-automobil","10":"tag-business","11":"tag-companies","12":"tag-companies-markets","13":"tag-deutschland","14":"tag-gebrauchtwagen","15":"tag-germany","16":"tag-markets","17":"tag-maerkte","18":"tag-tuev","19":"tag-unternehmen","20":"tag-unternehmen-maerkte","21":"tag-volkswagen-modelle"},"share_on_mastodon":{"url":"https:\/\/pubeurope.com\/@de\/115764424064565913","error":""},"_links":{"self":[{"href":"https:\/\/www.europesays.com\/de\/wp-json\/wp\/v2\/posts\/664850","targetHints":{"allow":["GET"]}}],"collection":[{"href":"https:\/\/www.europesays.com\/de\/wp-json\/wp\/v2\/posts"}],"about":[{"href":"https:\/\/www.europesays.com\/de\/wp-json\/wp\/v2\/types\/post"}],"author":[{"embeddable":true,"href":"https:\/\/www.europesays.com\/de\/wp-json\/wp\/v2\/users\/2"}],"replies":[{"embeddable":true,"href":"https:\/\/www.europesays.com\/de\/wp-json\/wp\/v2\/comments?post=664850"}],"version-history":[{"count":0,"href":"https:\/\/www.europesays.com\/de\/wp-json\/wp\/v2\/posts\/664850\/revisions"}],"wp:featuredmedia":[{"embeddable":true,"href":"https:\/\/www.europesays.com\/de\/wp-json\/wp\/v2\/media\/664851"}],"wp:attachment":[{"href":"https:\/\/www.europesays.com\/de\/wp-json\/wp\/v2\/media?parent=664850"}],"wp:term":[{"taxonomy":"category","embeddable":true,"href":"https:\/\/www.europesays.com\/de\/wp-json\/wp\/v2\/categories?post=664850"},{"taxonomy":"post_tag","embeddable":true,"href":"https:\/\/www.europesays.com\/de\/wp-json\/wp\/v2\/tags?post=664850"}],"curies":[{"name":"wp","href":"https:\/\/api.w.org\/{rel}","templated":true}]}}