{"id":665006,"date":"2025-12-22T19:08:13","date_gmt":"2025-12-22T19:08:13","guid":{"rendered":"https:\/\/www.europesays.com\/de\/665006\/"},"modified":"2025-12-22T19:08:13","modified_gmt":"2025-12-22T19:08:13","slug":"detlef-mueller-wird-manager-und-problemloeser-bei-der-bahn","status":"publish","type":"post","link":"https:\/\/www.europesays.com\/de\/665006\/","title":{"rendered":"Detlef M\u00fcller wird Manager und Probleml\u00f6ser bei der Bahn"},"content":{"rendered":"<p class=\"bold\">\n\t\t\t\t\t\t\t\t\t\tDetlef M\u00fcller tauscht den F\u00fchrerstand gegen das Management. Seine Expertise als SPD-Bahn- und Verkehrs-Experte macht ihn zum Kandidaten f\u00fcr Probleml\u00f6sungen in der Fl\u00e4che und f\u00fcrs Vorantreiben regionaler Bahnprojekte.\t\t\t\t<\/p>\n<p>\t\t\t\t Lokf\u00fchrer wird Detlef M\u00fcller nun doch nicht mehr. Zwar hatte der Chemnitzer SPD-Lokalpolitiker und fr\u00fchere Bundestagsabgeordnete nach der gescheiterten Wiederwahl in diesem Jahr eigentlich in seinen alten Beruf zur\u00fcckkehren wollen. \u201eAber da bin ich zu lange raus. Ich h\u00e4tte eine komplette 15-monatige Ausbildung neu machen m\u00fcssen\u201c, sagte&#8230;<\/p>\n<p>\t\t<img decoding=\"async\" class=\"fp-plus-logo\" src=\"https:\/\/www.freiepresse.de\/img\/fpplus.svg\" alt=\"Freie Presse plus Logo\"\/><\/p>\n<p>Registrieren und testen.<\/p>\n<p>Jetzt mit Ihrer Registrierung 1 Monat gratis testen und alle Beitr\u00e4ge lesen.<\/p>\n<p>Schon Abonnent? Melden Sie sich mit ihren Zugangsdaten an.<\/p>\n","protected":false},"excerpt":{"rendered":"Detlef M\u00fcller tauscht den F\u00fchrerstand gegen das Management. Seine Expertise als SPD-Bahn- und Verkehrs-Experte macht ihn zum Kandidaten&hellip;\n","protected":false},"author":2,"featured_media":665007,"comment_status":"","ping_status":"","sticky":false,"template":"","format":"standard","meta":{"footnotes":""},"categories":[1851],"tags":[2770,3364,29,548,663,3934,3858,30,13,14,15,859,12],"class_list":{"0":"post-665006","1":"post","2":"type-post","3":"status-publish","4":"format-standard","5":"has-post-thumbnail","7":"category-chemnitz","8":"tag-chemnitz","9":"tag-de","10":"tag-deutschland","11":"tag-eu","12":"tag-europa","13":"tag-europe","14":"tag-firmenleben-firmen-in-not","15":"tag-germany","16":"tag-headlines","17":"tag-nachrichten","18":"tag-news","19":"tag-sachsen","20":"tag-schlagzeilen"},"share_on_mastodon":{"url":"https:\/\/pubeurope.com\/@de\/115764797143086336","error":""},"_links":{"self":[{"href":"https:\/\/www.europesays.com\/de\/wp-json\/wp\/v2\/posts\/665006","targetHints":{"allow":["GET"]}}],"collection":[{"href":"https:\/\/www.europesays.com\/de\/wp-json\/wp\/v2\/posts"}],"about":[{"href":"https:\/\/www.europesays.com\/de\/wp-json\/wp\/v2\/types\/post"}],"author":[{"embeddable":true,"href":"https:\/\/www.europesays.com\/de\/wp-json\/wp\/v2\/users\/2"}],"replies":[{"embeddable":true,"href":"https:\/\/www.europesays.com\/de\/wp-json\/wp\/v2\/comments?post=665006"}],"version-history":[{"count":0,"href":"https:\/\/www.europesays.com\/de\/wp-json\/wp\/v2\/posts\/665006\/revisions"}],"wp:featuredmedia":[{"embeddable":true,"href":"https:\/\/www.europesays.com\/de\/wp-json\/wp\/v2\/media\/665007"}],"wp:attachment":[{"href":"https:\/\/www.europesays.com\/de\/wp-json\/wp\/v2\/media?parent=665006"}],"wp:term":[{"taxonomy":"category","embeddable":true,"href":"https:\/\/www.europesays.com\/de\/wp-json\/wp\/v2\/categories?post=665006"},{"taxonomy":"post_tag","embeddable":true,"href":"https:\/\/www.europesays.com\/de\/wp-json\/wp\/v2\/tags?post=665006"}],"curies":[{"name":"wp","href":"https:\/\/api.w.org\/{rel}","templated":true}]}}