{"id":665049,"date":"2025-12-22T19:34:22","date_gmt":"2025-12-22T19:34:22","guid":{"rendered":"https:\/\/www.europesays.com\/de\/665049\/"},"modified":"2025-12-22T19:34:22","modified_gmt":"2025-12-22T19:34:22","slug":"europe-direct-relais-rhein-main-kreis-offenbach-3","status":"publish","type":"post","link":"https:\/\/www.europesays.com\/de\/665049\/","title":{"rendered":"EUROPE DIRECT Relais Rhein-Main \/ Kreis Offenbach"},"content":{"rendered":"\n<p><\/p>\n<p>Was gibt es Neues in Europa? Von Zeit zu Zeit kommen die aktuellen Informationen direkt ins Postfach.<\/p>\n<p>Die aktuelle Ausgabe zum Reinklicken<\/p>\n<p>                                            <img decoding=\"async\" class=\"sr-only\" src=\"https:\/\/www.europesays.com\/de\/wp-content\/uploads\/2025\/11\/4013_581_1_t.JPG\" alt=\"Boat landing stage construction site\"\/><br \/>\n                                                                                 Bild: Michel Christen \u00a9 \u00a9 European Union 2014 EP<\/p>\n<p>Alle mit * gekennzeichneten Felder m\u00fcssen ausgef\u00fcllt sein, damit der Newsletter abonniert werden kann.<\/p>\n<p>Team EUROPE DIRECT<\/p>\n<p>Der Speakers-Pool der Europ\u00e4ischen Kommission besteht aus unabh\u00e4ngigen EU-Expertinnen und -Experten. Sie halten auf Veranstaltungen oder in Schulen und Hochschulen Vortr\u00e4ge zu europapolitischen Themen und erkl\u00e4ren die Europ\u00e4ische Union auf verst\u00e4ndliche Weise.\u00a0<\/p>\n<p>Wenn Sie eine Rednerin oder einen Redner von Team EUROPE DIRECT f\u00fcr Ihre Veranstaltung gewinnen m\u00f6chten, schicken Sie gerne eine Anfrage:<\/p>\n<p><a target=\"_blank\" href=\"https:\/\/www.kreis-offenbach.de\/redirect.phtml?extlink=1&amp;La=1&amp;url_fid=4013.1409.1\" title=\"Externer Link\" class=\"csslink_extern\" rel=\"noopener\">\u00dcbersicht Rednerinnen und Redner des Speakers-Pool<\/a><a target=\"_blank\" href=\"https:\/\/www.kreis-offenbach.de\/redirect.phtml?extlink=1&amp;La=1&amp;url_fid=4013.1410.1\" title=\"Externer Link\" class=\"csslink_extern\" rel=\"noopener\"><\/p>\n<p><a target=\"_blank\" href=\"https:\/\/www.kreis-offenbach.de\/redirect.phtml?extlink=1&amp;La=1&amp;url_fid=4013.1410.1\" title=\"Externer Link\" class=\"csslink_extern\" rel=\"noopener\">Anfrage Speakers-Pool<\/a><\/p>\n<p>Kooperationen des EUROPE DIRECT Relais Rhein-Main<\/p>\n<p>Das EUROPE DIRECT Relais Rhein-Main kooperiert mit zahlreichen Akteurinnen und Akteuren in der Region, um das Angebot zu erg\u00e4nzen und Expertise zu holen:<\/p>\n<p>Impressionen\u00a0<\/p>\n","protected":false},"excerpt":{"rendered":"Was gibt es Neues in Europa? Von Zeit zu Zeit kommen die aktuellen Informationen direkt ins Postfach. Die&hellip;\n","protected":false},"author":2,"featured_media":17131,"comment_status":"","ping_status":"","sticky":false,"template":"","format":"standard","meta":{"footnotes":""},"categories":[3933],"tags":[331,332,548,663,158,3934,3935,13,14,15,12],"class_list":{"0":"post-665049","1":"post","2":"type-post","3":"status-publish","4":"format-standard","5":"has-post-thumbnail","7":"category-eu","8":"tag-aktuelle-nachrichten","9":"tag-aktuelle-news","10":"tag-eu","11":"tag-europa","12":"tag-europaeische-union","13":"tag-europe","14":"tag-european-union","15":"tag-headlines","16":"tag-nachrichten","17":"tag-news","18":"tag-schlagzeilen"},"share_on_mastodon":{"url":"","error":""},"_links":{"self":[{"href":"https:\/\/www.europesays.com\/de\/wp-json\/wp\/v2\/posts\/665049","targetHints":{"allow":["GET"]}}],"collection":[{"href":"https:\/\/www.europesays.com\/de\/wp-json\/wp\/v2\/posts"}],"about":[{"href":"https:\/\/www.europesays.com\/de\/wp-json\/wp\/v2\/types\/post"}],"author":[{"embeddable":true,"href":"https:\/\/www.europesays.com\/de\/wp-json\/wp\/v2\/users\/2"}],"replies":[{"embeddable":true,"href":"https:\/\/www.europesays.com\/de\/wp-json\/wp\/v2\/comments?post=665049"}],"version-history":[{"count":0,"href":"https:\/\/www.europesays.com\/de\/wp-json\/wp\/v2\/posts\/665049\/revisions"}],"wp:featuredmedia":[{"embeddable":true,"href":"https:\/\/www.europesays.com\/de\/wp-json\/wp\/v2\/media\/17131"}],"wp:attachment":[{"href":"https:\/\/www.europesays.com\/de\/wp-json\/wp\/v2\/media?parent=665049"}],"wp:term":[{"taxonomy":"category","embeddable":true,"href":"https:\/\/www.europesays.com\/de\/wp-json\/wp\/v2\/categories?post=665049"},{"taxonomy":"post_tag","embeddable":true,"href":"https:\/\/www.europesays.com\/de\/wp-json\/wp\/v2\/tags?post=665049"}],"curies":[{"name":"wp","href":"https:\/\/api.w.org\/{rel}","templated":true}]}}