{"id":665081,"date":"2025-12-22T19:53:12","date_gmt":"2025-12-22T19:53:12","guid":{"rendered":"https:\/\/www.europesays.com\/de\/665081\/"},"modified":"2025-12-22T19:53:12","modified_gmt":"2025-12-22T19:53:12","slug":"tvk-holt-remis-bei-hsg-essen","status":"publish","type":"post","link":"https:\/\/www.europesays.com\/de\/665081\/","title":{"rendered":"TVK holt Remis bei HSG Essen"},"content":{"rendered":"<p class=\"text_ohne_einzug richtext text-em-55 !leading-serif mx-6 desktop:mx-0\"> Bereits im Vorfeld war klar, dass die Partie beim Aufsteiger HSG am Hallo <a href=\"https:\/\/rp-online.de\/thema\/essen\/\" rel=\"nofollow noopener\" target=\"_blank\">Essen<\/a> f\u00fcr den TV <a href=\"https:\/\/rp-online.de\/thema\/korschenbroich\/\" rel=\"nofollow noopener\" target=\"_blank\">Korschenbroich<\/a> alles andere als ein Spaziergang werden w\u00fcrde zum Jahresabschluss in der Regionalliga: Am Ende trennten sich die Kontrahenten 31:31 (14:16).<\/p>\n<p class=\"richtext text-em-55 !leading-serif mx-6 desktop:mx-0\">Vor der Partie musste Maximilian Eugler kurzfristig wegen eines Magen-Darm-Infekts absagen. F\u00fcr ihn bildete dann Co-Trainer Philip Schneider, der dann auch zehn Minuten im Einsatz war, gemeinsam mit Fritz Bitzel das Kreisl\u00e4ufer-Duo. Zudem wurde Henrik Schiffmann, der grunds\u00e4tzlich zur Verf\u00fcgung stand, vorsichtshalber noch einmal geschont.<\/p>\n<p class=\"richtext text-em-55 !leading-serif mx-6 desktop:mx-0\">Im ersten Spielabschnitt bot der TVK noch eine starke Vorstellung, auch wenn die Trefferquote etwas zu w\u00fcnschen \u00fcbrig lie\u00df. Die Abwehr stand sehr kompakt und so konnte das eigene Tempospiel gut aufgezogen werden. Doch so ging es nach dem Seitenwechsel nicht weiter. In der Abwehr fehlte dem TVK pl\u00f6tzlich die n\u00f6tige Aggressivit\u00e4t, durch ein zu passives Verhalten in den Zweik\u00e4mpfen schmolz der kleine Vorsprung schnell dahin, die HSG legte einen 5:0-Zwischensprint hin und schon lagen die Korschenbroicher G\u00e4ste mit 23:27 im Hintertreffen.<\/p>\n<p class=\"richtext text-em-55 !leading-serif mx-6 desktop:mx-0\">\u201eIn dieser Phase haben wir es Essen zu einfach gemacht, Tore zu erzielen\u201c, \u00e4rgerte sich der Korschenbroicher Trainer Frank Berblinger. Zudem lie\u00df der TVK auch noch drei Tempogegenst\u00f6\u00dfe liegen. Zehn Minuten vor dem Abpfiff stellte Berblinger dann auf eine 5:1-Abwehrformation um, mit Mats Wolf als offensivem Part. Nun lief es wieder besser, der TVK erk\u00e4mpfte sich h\u00e4ufiger den Ball und pirschte sich Tor um Tor wieder heran. Drei Minuten vorm Ende hie\u00df es 31:31, dabei blieb es.<\/p>\n<p class=\"richtext text-em-55 !leading-serif mx-6 desktop:mx-0\">\u201eLetztlich war es f\u00fcr uns dann doch eher ein Punktgewinn, mit dem ich auch sehr gut leben kann\u201c, so Berblinger. \u201eNach der Halbzeit sind wir zumeist einem Vier-Tore-R\u00fcckstand hinterhergelaufen und im Nachhinein betrachtet, war die taktische Umstellung ein wichtiger Schritt f\u00fcr diesen Punkt\u201c, f\u00fchrt er aus. Der TVK geht als Tabellenf\u00fchrer in die Weihnachtspause.<\/p>\n<p class=\"richtext text-em-55 !leading-serif mx-6 desktop:mx-0\">Der TV Korschenbroich hat sich unterdessen bereits f\u00fcr das neue Jahr verst\u00e4rkt. Torh\u00fcter Ben K\u00f6\u00df kommt. Er ist ein sehr erfahrener Torh\u00fcter und war \u00fcber Jahre hinweg in der 2. und 3. Liga aktiv. Unter anderem spielte er in Leichlingen, in Dinslaken, half letzte Saison noch bei der HSG Krefeld aus und stand auch schon f\u00fcr Korschenbroich zwischen den Pfosten. \u201eWir haben Ben als dritten Torh\u00fcter verpflichtet und solange Felix Kr\u00fcger noch nicht wieder fit ist, was voraussichtlich bis Mitte Februar dauern wird, ist er hinter Sven Bartmann die Nummer zwei\u201c, erkl\u00e4rte Berblinger.<\/p>\n<p class=\"richtext text-em-55 !leading-serif mx-6 desktop:mx-0\"><strong class=\"font-bold dark:text-white-solid\">Die Torsch\u00fctzen des TV Korschenbroich<\/strong>: Zimmermann (10\/1), B\u00fcscher (7\/1), Krantzen, Hartz (je 4), Bitzel (3), Franz (2) und Wolf.<\/p>\n","protected":false},"excerpt":{"rendered":"Bereits im Vorfeld war klar, dass die Partie beim Aufsteiger HSG am Hallo Essen f\u00fcr den TV Korschenbroich&hellip;\n","protected":false},"author":2,"featured_media":665082,"comment_status":"","ping_status":"","sticky":false,"template":"","format":"standard","meta":{"footnotes":""},"categories":[1834],"tags":[4654,155087,155086,3364,29,3688,119757,30,59037,24741,13762,3480,1209,3459,9255,9593,11003],"class_list":{"0":"post-665081","1":"post","2":"type-post","3":"status-publish","4":"format-standard","5":"has-post-thumbnail","7":"category-essen","8":"tag-wolf","9":"tag-155087","10":"tag-bitzel","11":"tag-de","12":"tag-deutschland","13":"tag-essen","14":"tag-frank-berblinger","15":"tag-germany","16":"tag-hsg","17":"tag-korschenbroich","18":"tag-liga","19":"tag-minuten","20":"tag-nordrhein-westfalen","21":"tag-regionalliga","22":"tag-rueckstand","23":"tag-stand","24":"tag-torhueter"},"share_on_mastodon":{"url":"https:\/\/pubeurope.com\/@de\/115764972954254703","error":""},"_links":{"self":[{"href":"https:\/\/www.europesays.com\/de\/wp-json\/wp\/v2\/posts\/665081","targetHints":{"allow":["GET"]}}],"collection":[{"href":"https:\/\/www.europesays.com\/de\/wp-json\/wp\/v2\/posts"}],"about":[{"href":"https:\/\/www.europesays.com\/de\/wp-json\/wp\/v2\/types\/post"}],"author":[{"embeddable":true,"href":"https:\/\/www.europesays.com\/de\/wp-json\/wp\/v2\/users\/2"}],"replies":[{"embeddable":true,"href":"https:\/\/www.europesays.com\/de\/wp-json\/wp\/v2\/comments?post=665081"}],"version-history":[{"count":0,"href":"https:\/\/www.europesays.com\/de\/wp-json\/wp\/v2\/posts\/665081\/revisions"}],"wp:featuredmedia":[{"embeddable":true,"href":"https:\/\/www.europesays.com\/de\/wp-json\/wp\/v2\/media\/665082"}],"wp:attachment":[{"href":"https:\/\/www.europesays.com\/de\/wp-json\/wp\/v2\/media?parent=665081"}],"wp:term":[{"taxonomy":"category","embeddable":true,"href":"https:\/\/www.europesays.com\/de\/wp-json\/wp\/v2\/categories?post=665081"},{"taxonomy":"post_tag","embeddable":true,"href":"https:\/\/www.europesays.com\/de\/wp-json\/wp\/v2\/tags?post=665081"}],"curies":[{"name":"wp","href":"https:\/\/api.w.org\/{rel}","templated":true}]}}