{"id":665088,"date":"2025-12-22T19:57:12","date_gmt":"2025-12-22T19:57:12","guid":{"rendered":"https:\/\/www.europesays.com\/de\/665088\/"},"modified":"2025-12-22T19:57:12","modified_gmt":"2025-12-22T19:57:12","slug":"antisemitische-schmierereien-an-leipziger-theaterhaus-schille","status":"publish","type":"post","link":"https:\/\/www.europesays.com\/de\/665088\/","title":{"rendered":"Antisemitische Schmierereien an Leipziger Theaterhaus \u201eSchille\u201c"},"content":{"rendered":"<p>Kostenfrei bis 21:19 Uhr lesen<\/p>\n<p>\u201eWerden uns nicht einsch\u00fcchtern lassen\u201c<\/p>\n<p>Kostenpflichtig<\/p>\n<p>Kostenpflichtig<\/p>\n<p>\ufeffAntisemitische Schmierereien an Leipziger Theaterhaus \u201eSchille\u201c \u2013 Auff\u00fchrung unter Polizeischutz<\/p>\n<p class=\"Textstyled__Text-sc-1cqv9mi-0 cLyiiX ArticleHeadstyled__ArticleSubHeadline-sc-tdzyy5-11 fXdZot\">Das Theaterhaus \u201eSchille\u201c in Leipzig wurde mit antisemitischen Parolen beschmiert. Das St\u00fcck \u201eDas Haus\u201c wurde daraufhin unter erh\u00f6hten Sicherheitsvorkehrungen aufgef\u00fchrt. Wie gehen die Macher mit der Bedrohung um? <\/p>\n<p class=\"Textstyled__Text-sc-1cqv9mi-0 cLyiiX\">Leipzig. Nachdem das Theaterhaus \u201eSchille\u201c in der Otto-Schill-Stra\u00dfe in der Nacht zu Sonntag mit antisemitischen Parolen beschmiert worden ist, wurde ein Theaterst\u00fcck am Sonntag unter Polizeischutz und weiteren Sicherheitsvorkehrungen aufgef\u00fchrt. Das teilte Jutta Stahl-Klimmt, Vorstand des \u201eTheatervereins K\u201c, am Montag mit. <\/p>\n<p>Weiterlesen nach der Anzeige<\/p>\n<p>Weiterlesen nach der Anzeige<\/p>\n<p class=\"Textstyled__Text-sc-1cqv9mi-0 cLyiiX\">Beschmiert wurden die beiden T\u00fcren des Theaterhauses \u2013 unter anderem mit den Schriftz\u00fcgen \u201eFuck Israel\u201c und \u201eFree Palestine\u201c. Laut Polizei wird nun wegen Sachbesch\u00e4digung ermittelt. Der entstandene Schaden liegt bei 300 Euro.<\/p>\n<p>Wegen Schmierereien: Theaterverein fordert Polizeischutz an<\/p>\n<p class=\"Textstyled__Text-sc-1cqv9mi-0 cLyiiX\">Der Theaterverein hatte sich in der Schille eingemietet, um dort mit 50 Darstellern im Alter zwischen zehn und 27 Jahren das St\u00fcck \u201eDas Haus\u201c aufzuf\u00fchren. Insgesamt f\u00fcnf Termine gab es im Verlauf des Dezembers. Am Sonntag war das St\u00fcck zum letzten Mal auf der B\u00fchne zu sehen. Laut Stahl-Klimmt geht es in dem St\u00fcck um die Geschichte eines Hauses von 1938 bis heute. Dabei werden auch die Geschichten j\u00fcdischer Menschen erz\u00e4hlt. <\/p>\n<p>Weiterlesen nach der Anzeige<\/p>\n<p>Weiterlesen nach der Anzeige<\/p>\n<p class=\"Textstyled__Text-sc-1cqv9mi-0 cLyiiX\">Man habe die Schmierereien am Sonntag erst gegen 14 Uhr entdeckt. \u201eWir standen vor der Frage: Wie reagieren wir\u201c, sagt Stahl-Klimmt. Man habe die Polizei informiert und um Polizeischutz gebeten. Dieser sei schnell und unkompliziert organisiert worden. \u201eDas war eine tolle Zusammenarbeit\u201c, sagt Stahl-Klimmt. Au\u00dferdem wurde die Zahl der Besucher von 150 auf etwas weniger als 100 dem Verein namentlich bekannte Menschen beschr\u00e4nkt. \u201eEine Absage w\u00e4re nicht die richtige Reaktion gewesen.\u201c<\/p>\n<p>Theaterverein erlebt Hamas-Angriff im Oktober 2023 hautnah mit<\/p>\n<p class=\"Textstyled__Text-sc-1cqv9mi-0 cLyiiX\">Der Theaterverein K setzt sich seit Jahren gegen Antisemitismus ein. Das Theaterst\u00fcck \u201eDas Haus\u201c wurde vom s\u00e4chsischen Sozialministerium gef\u00f6rdert. W\u00e4hrend der Angriffe der Terrorgruppe Hamas im Oktober 2023 war der Verein mit 15 Jugendlichen zuf\u00e4llig in der israelischen Partnerstadt Herzliya bei Tel Aviv. Mit einer israelischen Theatergruppe sollte ein gemeinsam erarbeitetes St\u00fcck aufgef\u00fchrt werden. Dazu kam es nicht. Die Gruppe steckte kurzzeitig in Israel fest.<\/p>\n<p class=\"Textstyled__Text-sc-1cqv9mi-0 cLyiiX\">Die Schmierereien hat der Theaterverein nun zur Anzeige gebracht. \u201eWir werden uns nicht einsch\u00fcchtern lassen\u201c, sagt Stahl-Klimmt. Der Verein will jetzt aber pr\u00fcfen, ob man die Zusammenarbeit mit der Polizei auch bei k\u00fcnftigen Auff\u00fchrungen verst\u00e4rken muss.<\/p>\n<p class=\"Editorialstyled__Editorial-sc-1bfvh9l-0 cSmjnJ\">LVZ<\/p>\n","protected":false},"excerpt":{"rendered":"Kostenfrei bis 21:19 Uhr lesen \u201eWerden uns nicht einsch\u00fcchtern lassen\u201c Kostenpflichtig Kostenpflichtig \ufeffAntisemitische Schmierereien an Leipziger Theaterhaus \u201eSchille\u201c&hellip;\n","protected":false},"author":2,"featured_media":665089,"comment_status":"","ping_status":"","sticky":false,"template":"","format":"standard","meta":{"footnotes":""},"categories":[1832],"tags":[3364,29,30,71,859],"class_list":{"0":"post-665088","1":"post","2":"type-post","3":"status-publish","4":"format-standard","5":"has-post-thumbnail","7":"category-leipzig","8":"tag-de","9":"tag-deutschland","10":"tag-germany","11":"tag-leipzig","12":"tag-sachsen"},"share_on_mastodon":{"url":"https:\/\/pubeurope.com\/@de\/115764988749269326","error":""},"_links":{"self":[{"href":"https:\/\/www.europesays.com\/de\/wp-json\/wp\/v2\/posts\/665088","targetHints":{"allow":["GET"]}}],"collection":[{"href":"https:\/\/www.europesays.com\/de\/wp-json\/wp\/v2\/posts"}],"about":[{"href":"https:\/\/www.europesays.com\/de\/wp-json\/wp\/v2\/types\/post"}],"author":[{"embeddable":true,"href":"https:\/\/www.europesays.com\/de\/wp-json\/wp\/v2\/users\/2"}],"replies":[{"embeddable":true,"href":"https:\/\/www.europesays.com\/de\/wp-json\/wp\/v2\/comments?post=665088"}],"version-history":[{"count":0,"href":"https:\/\/www.europesays.com\/de\/wp-json\/wp\/v2\/posts\/665088\/revisions"}],"wp:featuredmedia":[{"embeddable":true,"href":"https:\/\/www.europesays.com\/de\/wp-json\/wp\/v2\/media\/665089"}],"wp:attachment":[{"href":"https:\/\/www.europesays.com\/de\/wp-json\/wp\/v2\/media?parent=665088"}],"wp:term":[{"taxonomy":"category","embeddable":true,"href":"https:\/\/www.europesays.com\/de\/wp-json\/wp\/v2\/categories?post=665088"},{"taxonomy":"post_tag","embeddable":true,"href":"https:\/\/www.europesays.com\/de\/wp-json\/wp\/v2\/tags?post=665088"}],"curies":[{"name":"wp","href":"https:\/\/api.w.org\/{rel}","templated":true}]}}