{"id":665119,"date":"2025-12-22T20:15:25","date_gmt":"2025-12-22T20:15:25","guid":{"rendered":"https:\/\/www.europesays.com\/de\/665119\/"},"modified":"2025-12-22T20:15:25","modified_gmt":"2025-12-22T20:15:25","slug":"berlin-frank-zander-feiert-mit-rund-2-500-beduerftigen-beim-weihnachtsessen","status":"publish","type":"post","link":"https:\/\/www.europesays.com\/de\/665119\/","title":{"rendered":"Berlin: Frank Zander feiert mit rund 2.500 Bed\u00fcrftigen beim Weihnachtsessen"},"content":{"rendered":"<p>            <img loading=\"lazy\" decoding=\"async\" class=\"ts-image\" src=\"https:\/\/www.europesays.com\/de\/wp-content\/uploads\/2025\/12\/rbb-audio-rbb24-inforadio-22-12-25-matthias-wetzel-102.jpg\" alt=\"Frank Zander begr\u00fc\u00dfte eine Gast seines Weihnachtsessens f\u00fcr Bed\u00fcrftige mit einer Umarmung. (Quelle: dpa\/Sebastian Christoph Gollnow)\" title=\"Audio: rbb24 Inforadio | 22.12.25 | Matthias Wetzel | dpa\/Sebastian Christoph Gollnow\"\/><\/p>\n<p class=\"metatextline\">Stand: 22.12.2025 16:58 Uhr<\/p>\n<p class=\"textabsatz m-ten m-offset-one l-eight l-offset-two columns twelve\">Zum traditionellen Weihnachtsessen f\u00fcr Obdachlose und Bed\u00fcrftige haben Schlagerstar Frank Zander und seine Familie kurz vor den Feiertagen Hunderte Menschen empfangen. 2.500 B\u00e4ndchen f\u00fcr Teilnehmerinnen und Teilnehmer seien ausgegeben worden, und sie seien wohl auch alle da, sagte Marcus Zander, der Sohn des S\u00e4ngers.<br \/>\u00a0<br \/>Neben dem festlichen G\u00e4nseessen gab es ein B\u00fchnenprogramm und auch Geschenke. Verschenkt wurden unter anderem Schlafs\u00e4cke, Hygiene-Artikel und bei Bedarf auch Tierfutter. Zudem konnten sich die G\u00e4ste kostenlos die Haare schneiden lassen.<\/p>\n<p>    Politiker, Sportler und Prominente servieren<\/p>\n<p class=\"textabsatz m-ten m-offset-one l-eight l-offset-two columns twelve\">Zahlreiche prominente Kellner servierten den G\u00e4sten das Festessen: Angemeldet hatten sich Berlins Regierender B\u00fcrgermeister Kai Wegner (CDU), Brandenburgs Ministerpr\u00e4sident Dietmar Woidke (beide SPD), Hertha-Pr\u00e4sident Fabian Drescher, Entertainer Wolfgang Lippert, die Boxweltmeister Artur Abraham und Marco Huck, Kanu-Olympiasieger Ronald Rauhe, SPD-Spitzenkandidat Steffen Krach, Ex-rbb-Moderator Ulli Zelle und weitere.<br \/>\u00a0<br \/>Interessiert hatten sich so viele freiwillige Helfer, dass sie ausgelost werden mussten: Es gab rund 750 Anmeldungen.<\/p>\n<p>    Zander ruft weiter zu Spenden auf<\/p>\n<p class=\"textabsatz m-ten m-offset-one l-eight l-offset-two columns twelve\">Die Einladung zum Fest erfolgt \u00fcber rund 80 Berliner Einrichtungen der Wohnungslosenhilfe. Zander hat erst k\u00fcrzlich mit der Caritas eine eigene Stiftung gegr\u00fcndet. Der Entertainer ruft weiterhin zu Spenden auf.<br \/>\u00a0<br \/>F\u00fcr sein Engagement wurde der Berliner mit dem Bundesverdienstkreuz 1. Klasse geehrt, Sohn Marcus mit dem Bundesverdienstkreuz am Bande. Deutschlandweit finden inzwischen auch viele andere Weihnachtsfeiern f\u00fcr Obdachlose statt.<\/p>\n<p class=\"textabsatz m-ten m-offset-one l-eight l-offset-two columns twelve\">Sendung: rbb24 Inforadio, 22.12.25, 6:00 Uhr<\/p>\n<p>                                        <a class=\"backlink__link\" href=\"https:\/\/www.rbb24.de\/panorama\/beitrag\/2025\/12\/frank-zander-weihnachtsessen-estrel-obdachlose-gaensebraten.html\" rel=\"nofollow noopener\" target=\"_blank\"><\/p>\n<p>                                                <img decoding=\"async\" src=\"https:\/\/images.tagesschau.de\/image\/898f19c3-6760-4be2-a33f-1fa765216ec2\/AAABlap_olM\/AAABmyZDc0k\/original\/lra-rbb-logo-100.svg\" alt=\"Rundfunk Berlin-Brandenburg\"\/><\/p>\n<p>                                        <\/a><\/p>\n","protected":false},"excerpt":{"rendered":"Stand: 22.12.2025 16:58 Uhr Zum traditionellen Weihnachtsessen f\u00fcr Obdachlose und Bed\u00fcrftige haben Schlagerstar Frank Zander und seine Familie&hellip;\n","protected":false},"author":2,"featured_media":665120,"comment_status":"","ping_status":"","sticky":false,"template":"","format":"standard","meta":{"footnotes":""},"categories":[1825],"tags":[296,29,30,2239],"class_list":{"0":"post-665119","1":"post","2":"type-post","3":"status-publish","4":"format-standard","5":"has-post-thumbnail","7":"category-berlin","8":"tag-berlin","9":"tag-deutschland","10":"tag-germany","11":"tag-rbb"},"share_on_mastodon":{"url":"https:\/\/pubeurope.com\/@de\/115765059847766611","error":""},"_links":{"self":[{"href":"https:\/\/www.europesays.com\/de\/wp-json\/wp\/v2\/posts\/665119","targetHints":{"allow":["GET"]}}],"collection":[{"href":"https:\/\/www.europesays.com\/de\/wp-json\/wp\/v2\/posts"}],"about":[{"href":"https:\/\/www.europesays.com\/de\/wp-json\/wp\/v2\/types\/post"}],"author":[{"embeddable":true,"href":"https:\/\/www.europesays.com\/de\/wp-json\/wp\/v2\/users\/2"}],"replies":[{"embeddable":true,"href":"https:\/\/www.europesays.com\/de\/wp-json\/wp\/v2\/comments?post=665119"}],"version-history":[{"count":0,"href":"https:\/\/www.europesays.com\/de\/wp-json\/wp\/v2\/posts\/665119\/revisions"}],"wp:featuredmedia":[{"embeddable":true,"href":"https:\/\/www.europesays.com\/de\/wp-json\/wp\/v2\/media\/665120"}],"wp:attachment":[{"href":"https:\/\/www.europesays.com\/de\/wp-json\/wp\/v2\/media?parent=665119"}],"wp:term":[{"taxonomy":"category","embeddable":true,"href":"https:\/\/www.europesays.com\/de\/wp-json\/wp\/v2\/categories?post=665119"},{"taxonomy":"post_tag","embeddable":true,"href":"https:\/\/www.europesays.com\/de\/wp-json\/wp\/v2\/tags?post=665119"}],"curies":[{"name":"wp","href":"https:\/\/api.w.org\/{rel}","templated":true}]}}