{"id":665150,"date":"2025-12-22T20:33:15","date_gmt":"2025-12-22T20:33:15","guid":{"rendered":"https:\/\/www.europesays.com\/de\/665150\/"},"modified":"2025-12-22T20:33:15","modified_gmt":"2025-12-22T20:33:15","slug":"buergermeister-und-karnevalisten-loesen-stadtwette-ein-du-bist-halle","status":"publish","type":"post","link":"https:\/\/www.europesays.com\/de\/665150\/","title":{"rendered":"B\u00fcrgermeister und Karnevalisten l\u00f6sen Stadtwette ein \u2013 Du bist Halle"},"content":{"rendered":"<p>Ein Hauch von Weihnachten wehte am Montagabend am Bus Vierjahreszeiten in Halle (Saale). In einer besonderen Aktion verteilten B\u00fcrgermeister Egbert Geier und die Vorst\u00e4nde des HSKV e.V. sowie des KCE Saxonia e.V. insgesamt 111 T\u00fcten frisch gebackener Pl\u00e4tzchen an bed\u00fcrftige Menschen der Stadt.<\/p>\n<p>Hinter der Aktion steckt ein spielerischer Ernst: Am 11. November 2025 \u2013 p\u00fcnktlich zum Start der Karnevalssaison \u2013 hatten das Stadtoberhaupt und die Karnevalisten eine Stadtwette abgeschlossen. Der Wetteinsatz f\u00fchrte die Beteiligten nun direkt zu denen, die in der kalten Jahreszeit besondere Unterst\u00fctzung ben\u00f6tigen.<\/p>\n<p><strong>Gemeinsam f\u00fcr den guten Zweck<\/strong><br \/>\u200bDie s\u00fc\u00dfe Fracht war kein Zufallsprodukt. Erst k\u00fcrzlich trafen sich der B\u00fcrgermeister und die Mitglieder des Karnevalclub der Eisenbahner \u201eKCE Saxonia e.V.\u201c im Micheel-K\u00fcchenstudio, um gemeinsam den Teig zu rollen und die F\u00f6rmchen zu schwingen. Das Ergebnis: 111 liebevoll verpackte T\u00fcten, die nun ihre Abnehmer fanden.<br \/>\u200bDer \u201eBus Vierjahreszeiten\u201c als Herzst\u00fcck<br \/>\u200bF\u00fcr die Verteilung nutzten die Akteure ein bekanntes Gesicht im Stadtbild: den \u201eBus Vierjahreszeiten\u201c. Das Fahrzeug dient in Halle (Saale) als zentrale Anlaufstelle f\u00fcr obdachlose und bed\u00fcrftige Menschen und ist als kombinierter K\u00e4lte-, Tafel- und Sachspendenbus im Dauereinsatz.<\/p>\n<p>\u200b\u201eEs ist sch\u00f6n zu sehen, wie aus einer karnevalistischen Tradition eine handfeste Hilfe f\u00fcr die Menschen in unserer Stadt wird\u201c, so ein Beteiligter w\u00e4hrend der Tour.<\/p>\n<p><img loading=\"lazy\" decoding=\"async\" width=\"1200\" height=\"675\" src=\"https:\/\/www.europesays.com\/de\/wp-content\/uploads\/2025\/12\/IMG-20251222-WA0043-1200x675.jpg\" alt=\"\" class=\"wp-image-338204\"  \/><\/p>\n","protected":false},"excerpt":{"rendered":"Ein Hauch von Weihnachten wehte am Montagabend am Bus Vierjahreszeiten in Halle (Saale). In einer besonderen Aktion verteilten&hellip;\n","protected":false},"author":2,"featured_media":665151,"comment_status":"","ping_status":"","sticky":false,"template":"","format":"standard","meta":{"footnotes":""},"categories":[1860],"tags":[3364,29,548,663,3934,30,4062,17332,13,14,15,17331,860,12],"class_list":{"0":"post-665150","1":"post","2":"type-post","3":"status-publish","4":"format-standard","5":"has-post-thumbnail","7":"category-halle-saale","8":"tag-de","9":"tag-deutschland","10":"tag-eu","11":"tag-europa","12":"tag-europe","13":"tag-germany","14":"tag-halle","15":"tag-halle-saale","16":"tag-headlines","17":"tag-nachrichten","18":"tag-news","19":"tag-saale","20":"tag-sachsen-anhalt","21":"tag-schlagzeilen"},"share_on_mastodon":{"url":"https:\/\/pubeurope.com\/@de\/115765130656132984","error":""},"_links":{"self":[{"href":"https:\/\/www.europesays.com\/de\/wp-json\/wp\/v2\/posts\/665150","targetHints":{"allow":["GET"]}}],"collection":[{"href":"https:\/\/www.europesays.com\/de\/wp-json\/wp\/v2\/posts"}],"about":[{"href":"https:\/\/www.europesays.com\/de\/wp-json\/wp\/v2\/types\/post"}],"author":[{"embeddable":true,"href":"https:\/\/www.europesays.com\/de\/wp-json\/wp\/v2\/users\/2"}],"replies":[{"embeddable":true,"href":"https:\/\/www.europesays.com\/de\/wp-json\/wp\/v2\/comments?post=665150"}],"version-history":[{"count":0,"href":"https:\/\/www.europesays.com\/de\/wp-json\/wp\/v2\/posts\/665150\/revisions"}],"wp:featuredmedia":[{"embeddable":true,"href":"https:\/\/www.europesays.com\/de\/wp-json\/wp\/v2\/media\/665151"}],"wp:attachment":[{"href":"https:\/\/www.europesays.com\/de\/wp-json\/wp\/v2\/media?parent=665150"}],"wp:term":[{"taxonomy":"category","embeddable":true,"href":"https:\/\/www.europesays.com\/de\/wp-json\/wp\/v2\/categories?post=665150"},{"taxonomy":"post_tag","embeddable":true,"href":"https:\/\/www.europesays.com\/de\/wp-json\/wp\/v2\/tags?post=665150"}],"curies":[{"name":"wp","href":"https:\/\/api.w.org\/{rel}","templated":true}]}}