{"id":665260,"date":"2025-12-22T21:44:20","date_gmt":"2025-12-22T21:44:20","guid":{"rendered":"https:\/\/www.europesays.com\/de\/665260\/"},"modified":"2025-12-22T21:44:20","modified_gmt":"2025-12-22T21:44:20","slug":"gunnar-schupelius-gruene-schikanieren-autofahrer-mit-klimakiez-regional","status":"publish","type":"post","link":"https:\/\/www.europesays.com\/de\/665260\/","title":{"rendered":"Gunnar Schupelius: Gr\u00fcne schikanieren Autofahrer mit \u201eKlimakiez\u201c | Regional"},"content":{"rendered":"<p>Berlin \u2013 <b>Stadtrat sperrt wichtige Durchgangsstra\u00dfe f\u00fcr den Autoverkehr. Anwohner und Dienstleister sind im Nachteil und werden nicht gefragt.<\/b><\/p>\n<p>Das Bezirksamt Mitte hat mal wieder zugeschlagen und eine wichtige Verbindungsstra\u00dfe f\u00fcr Autofahrer blockiert: Auf der Kreuzung Alte Jakobstra\u00dfe\/Kommandantenstra\u00dfe stehen jetzt Poller. Nur Fahrr\u00e4der kommen noch durch.<\/p>\n<p>Auch interessant<\/p>\n<p>Anzeige<\/p>\n<p>Auch interessant<\/p>\n<p>Anzeige<\/p>\n<p>Der zust\u00e4ndige Stadtrat f\u00fcr Ordnung, Umwelt, Natur, Stra\u00dfen und Gr\u00fcnfl\u00e4chen, Christopher Schriner (Gr\u00fcne), spricht von einem \u201eKlimakiez\u201c, der hier verwirklicht werde.<\/p>\n<p>Der Anwohner Dr. Bernd Ramm schildert uns die Lage so: \u201eEs ist nicht mehr m\u00f6glich, das kurze, nicht besiedelte St\u00fcck der Alten Jakobstra\u00dfe mit dem Auto bis zur Oranienstra\u00dfe zur\u00fcckzulegen. Stattdessen muss man \u00fcber die Kommandantenstra\u00dfe und Alexandrinenstra\u00dfe, die dicht bebaut und bewohnt sind, ausweichen.\u201c Ramm betrachtet die neuen Poller als \u201eglatte Schikane der Autofahrer\u201c.<\/p>\n<p>Ganz anders sieht es Stadtrat Schriner. Er nennt die Poller \u201ediagonale Modalfilter\u201c. Damit sei ein \u201eweiterer Schritt zur Verbesserung der Verkehrssicherheit sowie der Lebensqualit\u00e4t in der n\u00f6rdlichen Luisenstadt erfolgt.\u201c Der \u201eKfz-Durchgangsverkehr auf der Alten Jakobstra\u00dfe zwischen Oranienburger Stra\u00dfe und Annenstra\u00dfe\u201c sei nun \u201eunterbunden\u201c. F\u00fcr \u201eAnwohnende des Kiezes werde eine sp\u00fcrbare Reduzierung von L\u00e4rm und Luftbelastung\u201c erreicht.\u00a0<\/p>\n<p>Mehr zum Thema<\/p>\n<p>Allerdings hatte Schriner gar nicht alle \u201eAnwohnenden\u201c befragt, ob sie damit einverstanden sind, dass der Verkehr \u201eunterbunden\u201c wurde. Sie wurden \u00fcbergangen, so wie Dr. Bernd Ramm, der uns die Lage schilderte.<\/p>\n<p>Schriner verweist stattdessen auf einen \u201eNachbarschaftsrat\u201c, der die Poller gew\u00fcnscht habe. Die Nachbarschaftsrat aber ist, wie immer in solchen F\u00e4llen, nicht repr\u00e4sentativ besetzt. Es handelt sich um eine B\u00fcrgerinitiative, die einseitig den Autoverkehr benachteiligen will.<\/p>\n<p>Mit seiner Pollerei sieht sich Stadtrat Schriner sogar in der Vorreiterrolle f\u00fcr ganz Deutschland. Schlie\u00dflich werde der neue Klimakiez in Kreuzberg vom Bundesumweltministerium gef\u00f6rdert und \u201ein Kooperation mit dem Forschungsinstitut f\u00fcr Nachhaltigkeit (RIFS) des Helmholtz-Zentrums Potsdam sowie der Universit\u00e4t Heidelberg durchgef\u00fchrt\u201c, meldete er stolz. Diese wissenschaftliche Begleitung der Poller sei \u201ebeispielhaft\u201c. Die Erkenntnisse daraus lie\u00dfen sich \u201eauf vergleichbare Projekte in <a href=\"https:\/\/www.bild.de\/regional\/berlin\/berlin-regional\/home-15823246.bild.html\" class=\"text-link\" rel=\"nofollow noopener\" target=\"_blank\">Berlin<\/a> und ganz Deutschland \u00fcbertragen\u201c.<\/p>\n<p>Mehr zum Thema<\/p>\n<p>Tats\u00e4chlich ist es nicht der erste \u201eKlimakiez\u201c, den Schriner ausruft. Erst im Oktober wurden bereits am Leopoldplatz die Kreuzungen Antonstra\u00dfe\/Ruheplatzstra\u00dfe und Prinz-Eugen-Stra\u00dfe\/Adolfstra\u00dfe\/Plantagenstra\u00dfe verpollert.<\/p>\n<p>Die versperrten Stra\u00dfen sind unterdessen nicht nur ein \u00c4rger f\u00fcr Anwohner. Auch alle Dienstleister werden schwer beeintr\u00e4chtigt: Paketzusteller, Handwerker, ambulante Pflegedienste, Rettungsdienste \u2013 alle bleiben in den Stra\u00dfensperren h\u00e4ngen. Die Feuerwehr hat mehrfach erkl\u00e4rt, dass verpollerte Stra\u00dfen zu l\u00e4ngeren Anfahrtswegen f\u00fchren und im Notfall kostbare Zeit vergeudet wird.<\/p>\n<p>Alles vergebens: <a href=\"https:\/\/www.bild.de\/politik\/inland\/die-gruenen\/die-gruenen-alle-infos-76661904.bild.html\" class=\"text-link\" rel=\"nofollow noopener\" target=\"_blank\">Gr\u00fcne<\/a> Bezirkspolitiker erheben sich \u00fcber alle Einw\u00e4nde und ziehen ihre Klimakieze durch. Sie wollen die Welt retten und gehen daf\u00fcr \u00fcber die Interessen der Menschen hinweg.<\/p>\n<p><b>Hat Gunnar Schupelius recht? Schreiben Sie an: <\/b><a href=\"https:\/\/www.bild.de\/regional\/berlin\/mailto:gunnar.schupelius@axelspringer.de\" target=\"_blank\" rel=\"noopener nofollow\" class=\"text-link--external text-link\"><b>gunnar.schupelius@axelspringer.de<\/b><\/a><\/p>\n","protected":false},"excerpt":{"rendered":"Berlin \u2013 Stadtrat sperrt wichtige Durchgangsstra\u00dfe f\u00fcr den Autoverkehr. Anwohner und Dienstleister sind im Nachteil und werden nicht&hellip;\n","protected":false},"author":2,"featured_media":665261,"comment_status":"","ping_status":"","sticky":false,"template":"","format":"standard","meta":{"footnotes":""},"categories":[1825],"tags":[296,29,1152,5715,30,524,45,601],"class_list":{"0":"post-665260","1":"post","2":"type-post","3":"status-publish","4":"format-standard","5":"has-post-thumbnail","7":"category-berlin","8":"tag-berlin","9":"tag-deutschland","10":"tag-die-gruenen","11":"tag-fussgaenger","12":"tag-germany","13":"tag-strasse","14":"tag-texttospeech","15":"tag-verkehr"},"share_on_mastodon":{"url":"https:\/\/pubeurope.com\/@de\/115765409764656305","error":""},"_links":{"self":[{"href":"https:\/\/www.europesays.com\/de\/wp-json\/wp\/v2\/posts\/665260","targetHints":{"allow":["GET"]}}],"collection":[{"href":"https:\/\/www.europesays.com\/de\/wp-json\/wp\/v2\/posts"}],"about":[{"href":"https:\/\/www.europesays.com\/de\/wp-json\/wp\/v2\/types\/post"}],"author":[{"embeddable":true,"href":"https:\/\/www.europesays.com\/de\/wp-json\/wp\/v2\/users\/2"}],"replies":[{"embeddable":true,"href":"https:\/\/www.europesays.com\/de\/wp-json\/wp\/v2\/comments?post=665260"}],"version-history":[{"count":0,"href":"https:\/\/www.europesays.com\/de\/wp-json\/wp\/v2\/posts\/665260\/revisions"}],"wp:featuredmedia":[{"embeddable":true,"href":"https:\/\/www.europesays.com\/de\/wp-json\/wp\/v2\/media\/665261"}],"wp:attachment":[{"href":"https:\/\/www.europesays.com\/de\/wp-json\/wp\/v2\/media?parent=665260"}],"wp:term":[{"taxonomy":"category","embeddable":true,"href":"https:\/\/www.europesays.com\/de\/wp-json\/wp\/v2\/categories?post=665260"},{"taxonomy":"post_tag","embeddable":true,"href":"https:\/\/www.europesays.com\/de\/wp-json\/wp\/v2\/tags?post=665260"}],"curies":[{"name":"wp","href":"https:\/\/api.w.org\/{rel}","templated":true}]}}