{"id":665300,"date":"2025-12-22T22:06:12","date_gmt":"2025-12-22T22:06:12","guid":{"rendered":"https:\/\/www.europesays.com\/de\/665300\/"},"modified":"2025-12-22T22:06:12","modified_gmt":"2025-12-22T22:06:12","slug":"ein-chemnitzer-wird-zum-weihnachtsmann","status":"publish","type":"post","link":"https:\/\/www.europesays.com\/de\/665300\/","title":{"rendered":"Ein Chemnitzer wird zum Weihnachtsmann"},"content":{"rendered":"<p class=\"bold\">\n\t\t\t\t\t\t\t\t\t\tHeiligabend kommt der Weihnachtsmann: Das ist einfach so. Aber irgendwer muss ihn auch spielen. Ralf Friedrich macht das seit ein paar Jahren. Wie er dazu kam und warum es ihn selbst gl\u00fccklich macht.\t\t\t\t<\/p>\n<p>\t\t\t\t Mit farbigen Klamotten hat es Ralf Friedrich normalerweise nicht so. Aber es gibt ein, zwei Tage im Jahr, da schl\u00fcpft er liebend gern in eine rote Samthose mit Oberteil und passender M\u00fctze. Der 40-J\u00e4hrige wird dann zum Weihnachtsmann.<\/p>\n<p>\t\t<img decoding=\"async\" class=\"fp-plus-logo\" src=\"https:\/\/www.freiepresse.de\/img\/fpplus.svg\" alt=\"Freie Presse plus Logo\"\/><\/p>\n<p>Registrieren und testen.<\/p>\n<p>Jetzt mit Ihrer Registrierung 1 Monat gratis testen und alle Beitr\u00e4ge lesen.<\/p>\n<p>Schon Abonnent? Melden Sie sich mit ihren Zugangsdaten an.<\/p>\n","protected":false},"excerpt":{"rendered":"Heiligabend kommt der Weihnachtsmann: Das ist einfach so. Aber irgendwer muss ihn auch spielen. Ralf Friedrich macht das&hellip;\n","protected":false},"author":2,"featured_media":665301,"comment_status":"","ping_status":"","sticky":false,"template":"","format":"standard","meta":{"footnotes":""},"categories":[1851],"tags":[2770,3364,29,548,663,3934,3858,30,13,14,15,859,12],"class_list":{"0":"post-665300","1":"post","2":"type-post","3":"status-publish","4":"format-standard","5":"has-post-thumbnail","7":"category-chemnitz","8":"tag-chemnitz","9":"tag-de","10":"tag-deutschland","11":"tag-eu","12":"tag-europa","13":"tag-europe","14":"tag-firmenleben-firmen-in-not","15":"tag-germany","16":"tag-headlines","17":"tag-nachrichten","18":"tag-news","19":"tag-sachsen","20":"tag-schlagzeilen"},"share_on_mastodon":{"url":"https:\/\/pubeurope.com\/@de\/115765496066109132","error":""},"_links":{"self":[{"href":"https:\/\/www.europesays.com\/de\/wp-json\/wp\/v2\/posts\/665300","targetHints":{"allow":["GET"]}}],"collection":[{"href":"https:\/\/www.europesays.com\/de\/wp-json\/wp\/v2\/posts"}],"about":[{"href":"https:\/\/www.europesays.com\/de\/wp-json\/wp\/v2\/types\/post"}],"author":[{"embeddable":true,"href":"https:\/\/www.europesays.com\/de\/wp-json\/wp\/v2\/users\/2"}],"replies":[{"embeddable":true,"href":"https:\/\/www.europesays.com\/de\/wp-json\/wp\/v2\/comments?post=665300"}],"version-history":[{"count":0,"href":"https:\/\/www.europesays.com\/de\/wp-json\/wp\/v2\/posts\/665300\/revisions"}],"wp:featuredmedia":[{"embeddable":true,"href":"https:\/\/www.europesays.com\/de\/wp-json\/wp\/v2\/media\/665301"}],"wp:attachment":[{"href":"https:\/\/www.europesays.com\/de\/wp-json\/wp\/v2\/media?parent=665300"}],"wp:term":[{"taxonomy":"category","embeddable":true,"href":"https:\/\/www.europesays.com\/de\/wp-json\/wp\/v2\/categories?post=665300"},{"taxonomy":"post_tag","embeddable":true,"href":"https:\/\/www.europesays.com\/de\/wp-json\/wp\/v2\/tags?post=665300"}],"curies":[{"name":"wp","href":"https:\/\/api.w.org\/{rel}","templated":true}]}}