{"id":665321,"date":"2025-12-22T22:19:18","date_gmt":"2025-12-22T22:19:18","guid":{"rendered":"https:\/\/www.europesays.com\/de\/665321\/"},"modified":"2025-12-22T22:19:18","modified_gmt":"2025-12-22T22:19:18","slug":"stammzellen-werden-in-bielefeld-transplantiert","status":"publish","type":"post","link":"https:\/\/www.europesays.com\/de\/665321\/","title":{"rendered":"Stammzellen werden in Bielefeld transplantiert"},"content":{"rendered":"<p class=\"fp-paragraph\">Mit dieser Disziplin erklimmt das Universit\u00e4tsklinikum OWL die K\u00f6nigsklasse medizinischer Forschung, Diagnose und Therapie. Wer ist Ostwestfalen-Lippe an Leuk\u00e4mie, Lymphomen, Knochenmarkkrebs oder schweren, aber nicht krebsbedingten Knochenmark\u2011 und Immundefekten erkrankt ist, muss derzeit nach Hannover, Essen, G\u00f6ttingen oder M\u00fcnster reisen. Die dort praktizierten Behandlungen mit eigenen oder gespendeten Stammzellen werden bald auch in Bielefeld angeboten.<\/p>\n<p>Top informiert mit<\/p>\n<p><strong>im 1. Monat<\/strong><\/p>\n<p>0,99 \u20ac*<a href=\"https:\/\/abo.westfalen-blatt.de\/Digital+Basis.htm?utm_source=Website&amp;utm_medium=Layer&amp;utm_campaign=noUEG&amp;pwlayer=plus&amp;ezobjectid=3457916\" class=\"fp-button fp-button__primary fp-paywall-action-submit\" style=\"background-color: #000000;\" rel=\"nofollow noopener\" target=\"_blank\">weiter<\/a>*danach 7 \u20ac \/ Monat<\/p>\n<p>monatlich k\u00fcndbar<\/p>\n<p class=\"fp-article-paywall__plan--description\">freier Zugriff auf alle WB+ Inhalte und die News-App<\/p>\n<p><strong>pro Woche<\/strong><\/p>\n<p>1 \u20ac<a href=\"https:\/\/abo.westfalen-blatt.de\/_article\/Digital-Basis-Wochenabo?utm_source=Website&amp;utm_medium=Layer&amp;utm_campaign=noUEG&amp;pwlayer=plus&amp;ezobjectid=3457916\" class=\"fp-button fp-button__primary fp-paywall-action-submit\" style=\"background-color: #000000;\" rel=\"nofollow noopener\" target=\"_blank\">weiter<\/a>ab dem 2. Jahr 2 \u20ac \/ Woche<\/p>\n<p>monatlich k\u00fcndbar<\/p>\n<p class=\"fp-article-paywall__plan--description\">freier Zugriff auf alle WB+ Inhalte und die News-App<\/p>\n<p><strong>1 Jahr<\/strong><\/p>\n<p>59 \u20ac<a href=\"https:\/\/abo.westfalen-blatt.de\/Digital+Basis+Jahrespass.htm?utm_source=Website&amp;utm_medium=Layer&amp;utm_campaign=noUEG&amp;pwlayer=plus&amp;ezobjectid=3457916\" class=\"fp-button fp-button__primary fp-paywall-action-submit\" style=\"background-color: #000000;\" rel=\"nofollow noopener\" target=\"_blank\">weiter<\/a><\/p>\n<p class=\"fp-article-paywall__plan--description\">freier Zugriff auf alle WB+ Inhalte und die News-App<\/p>\n<p>Sie haben bereits ein Abonnement? <a title=\"Hier einloggen\" alt=\"Hier einloggen\" href=\"https:\/\/account.westfalen-blatt.de\/login?redurl=https:\/\/www.westfalen-blatt.de\/owl\/bielefeld\/stammzellen-transplantation-krebs-klinikum-staedtisches-onkologie-3457916?pid=true&amp;ueg=default\" rel=\"nofollow noopener\" target=\"_blank\"><a href=\"https:\/\/account.westfalen-blatt.de\/login?redurl=https:\/\/www.westfalen-blatt.de\/?redurl=https:\/\/www.westfalen-blatt.de\/owl\/bielefeld\/stammzellen-transplantation-krebs-klinikum-staedtisches-onkologie-3457916?pid=true&amp;ueg=default\" rel=\"nofollow noopener\" target=\"_blank\">\u00a0<a href=\"https:\/\/account.westfalen-blatt.de\/login?redurl=https:\/\/www.westfalen-blatt.de\/owl\/bielefeld\/stammzellen-transplantation-krebs-klinikum-staedtisches-onkologie-3457916?pid=true&amp;ueg=default\" rel=\"nofollow noopener\" target=\"_blank\">Jetzt anmelden<\/a><a href=\"https:\/\/account.westfalen-blatt.de\/login?redurl=https:\/\/www.westfalen-blatt.de\/?redurl=https:\/\/www.westfalen-blatt.de\/owl\/bielefeld\/stammzellen-transplantation-krebs-klinikum-staedtisches-onkologie-3457916?pid=true&amp;ueg=default\" rel=\"nofollow noopener\" target=\"_blank\"><a href=\"https:\/\/account.westfalen-blatt.de\/login?redurl=https:\/\/www.westfalen-blatt.de\/?redurl=https:\/\/www.westfalen-blatt.de\/owl\/bielefeld\/stammzellen-transplantation-krebs-klinikum-staedtisches-onkologie-3457916?pid=true&amp;ueg=default\" rel=\"nofollow noopener\" target=\"_blank\"><\/p>\n","protected":false},"excerpt":{"rendered":"Mit dieser Disziplin erklimmt das Universit\u00e4tsklinikum OWL die K\u00f6nigsklasse medizinischer Forschung, Diagnose und Therapie. Wer ist Ostwestfalen-Lippe an&hellip;\n","protected":false},"author":2,"featured_media":665322,"comment_status":"","ping_status":"","sticky":false,"template":"","format":"standard","meta":{"footnotes":""},"categories":[1841],"tags":[1605,3364,29,30,1209],"class_list":{"0":"post-665321","1":"post","2":"type-post","3":"status-publish","4":"format-standard","5":"has-post-thumbnail","7":"category-bielefeld","8":"tag-bielefeld","9":"tag-de","10":"tag-deutschland","11":"tag-germany","12":"tag-nordrhein-westfalen"},"share_on_mastodon":{"url":"https:\/\/pubeurope.com\/@de\/115765547220033858","error":""},"_links":{"self":[{"href":"https:\/\/www.europesays.com\/de\/wp-json\/wp\/v2\/posts\/665321","targetHints":{"allow":["GET"]}}],"collection":[{"href":"https:\/\/www.europesays.com\/de\/wp-json\/wp\/v2\/posts"}],"about":[{"href":"https:\/\/www.europesays.com\/de\/wp-json\/wp\/v2\/types\/post"}],"author":[{"embeddable":true,"href":"https:\/\/www.europesays.com\/de\/wp-json\/wp\/v2\/users\/2"}],"replies":[{"embeddable":true,"href":"https:\/\/www.europesays.com\/de\/wp-json\/wp\/v2\/comments?post=665321"}],"version-history":[{"count":0,"href":"https:\/\/www.europesays.com\/de\/wp-json\/wp\/v2\/posts\/665321\/revisions"}],"wp:featuredmedia":[{"embeddable":true,"href":"https:\/\/www.europesays.com\/de\/wp-json\/wp\/v2\/media\/665322"}],"wp:attachment":[{"href":"https:\/\/www.europesays.com\/de\/wp-json\/wp\/v2\/media?parent=665321"}],"wp:term":[{"taxonomy":"category","embeddable":true,"href":"https:\/\/www.europesays.com\/de\/wp-json\/wp\/v2\/categories?post=665321"},{"taxonomy":"post_tag","embeddable":true,"href":"https:\/\/www.europesays.com\/de\/wp-json\/wp\/v2\/tags?post=665321"}],"curies":[{"name":"wp","href":"https:\/\/api.w.org\/{rel}","templated":true}]}}