{"id":665411,"date":"2025-12-22T23:15:22","date_gmt":"2025-12-22T23:15:22","guid":{"rendered":"https:\/\/www.europesays.com\/de\/665411\/"},"modified":"2025-12-22T23:15:22","modified_gmt":"2025-12-22T23:15:22","slug":"ski-aggu-rapper-verkuendet-ueberraschend-karrierepause","status":"publish","type":"post","link":"https:\/\/www.europesays.com\/de\/665411\/","title":{"rendered":"Ski Aggu: Rapper verk\u00fcndet \u00fcberraschend Karrierepause"},"content":{"rendered":"<p>Er legt das Mikro \u201eauf unbestimmte Zeit\u201d zur SeiteSki Aggu verk\u00fcndet \u00fcberraschend Karrierepause<img alt=\"Ski Aggu, Konzert, Berlin, 26.07.2025\" fetchpriority=\"high\" width=\"940\" height=\"529\" decoding=\"async\" data-nimg=\"1\" class=\"Image_image__SdgLQ Picture_image__vGN9W\" style=\"color:transparent\"   src=\"https:\/\/www.europesays.com\/de\/wp-content\/uploads\/2025\/12\/ski-aggu-konzert-berlin-2607.webp.webp\"\/><\/p>\n<p>Rapper Ski Aggu hat eine Karrierepause angek\u00fcndigt (Archivbild)<\/p>\n<p>IMAGO\/Berlinfoto<\/p>\n<p>22. Dezember 2025 um 21:16 Uhr<\/p>\n<p class=\"AnnotatedMarkup_paragraph__IUT9l\"><strong>Ist es ernst oder nur PR?<\/strong><br \/>Seit rund f\u00fcnf Jahren kann keine Party ohne seine Musik steigen: Ski Aggu. Auf Instagram meldet sich der Rapper am Montag (22. Dezember) und k\u00fcndigt eine Karrierepause an.<\/p>\n<p>Kehrt Ski Aggu tats\u00e4chlich dem Musikbusiness den R\u00fccken?<\/p>\n<p class=\"AnnotatedMarkup_paragraph__IUT9l\">Schon seit Jahren feiert der 28-j\u00e4hrige <a href=\"https:\/\/plus.rtl.de\/musik\/artist-112144802?utm_campaign=header&amp;utm_source=rtl&amp;utm_medium=owned\" target=\"_blank\" rel=\"noopener\">Rapper Ski Aggu<\/a> gro\u00dfe Erfolge, erreichte mit Singles wie \u201eFriesenjung\u201d oder Alben wie \u201eDenk mal dr\u00fcber nach&#8230;\u201d Position eins der deutschen Charts. <strong>Doch jetzt hat der K\u00fcnstler auf Instagram eine Auszeit von Musikbusiness angek\u00fcndigt. <\/strong>Offen bleibt jedoch, ob er es damit tats\u00e4chlich auch ernst meint.<\/p>\n<p class=\"AnnotatedMarkup_paragraph__IUT9l\"><strong>Lese-Tipp: <\/strong><a href=\"https:\/\/www.rtl.de\/unterhaltung\/stars\/mia-julia-das-denkt-sie-nach-bett-szene-ueber-ihren-ballermann-kollegen-marc-eggers-id4664130.html\" target=\"_self\" rel=\"noopener\">Malle-DJs stimmen ab! Wer hat aktuell den Ballermann-Hit des Jahres?<\/a><\/p>\n<p>Ski Aggu m\u00f6chte einige Zeit in Australien verbringen<\/p>\n<p class=\"AnnotatedMarkup_paragraph__IUT9l\">\u201eVor 5 Jahren droppte ich meinen ersten Song. Danach droppte ich aus der TU Berlin, weil ich einen Traum hatte. Von Anfang an wollten Leute mich unten sehn, aber ich hab meine Sache durchgezogen und mithilfe meiner Community das Game rasiert. <strong>Rap auf Technobeats ist jetzt offiziell Mainstream, ich hab\u2019 diesen Sommer in der Wuhlheide gespielt und wir waren sogar international unterwegs.<\/strong> Daf\u00fcr werd\u2019 ich f\u00fcr immer dankbar sein\u201d, schreibt Ski Aggu, der mit b\u00fcrgerlichen Namen August Jean Diederich hei\u00dft, auf Instagram.<\/p>\n<p><img alt=\"Die Welt der Stars und Promis auf RTL+\" fetchpriority=\"auto\" loading=\"lazy\" width=\"615\" height=\"346\" decoding=\"async\" data-nimg=\"1\" class=\"Image_image__SdgLQ RtlPlusContent_image__Gbn0N\" style=\"color:transparent\"   src=\"https:\/\/www.europesays.com\/de\/wp-content\/uploads\/2025\/11\/die-welt-der-stars-auf-rtlplus.webp.webp\"\/><\/p>\n<p class=\"AnnotatedMarkup_paragraph__IUT9l\">Danach die entscheidenden Worte: \u201eJetzt ist es aber an der Zeit, auf mein K\u00f6rper zu h\u00f6ren und das Mikrofon f\u00fcr eine unbestimmte Zeit wegzulegen.<strong> Ich mach\u2019 nun Work and Travel in Australien, um mich selber zu finden und endlich ein bisschen Englisch zu lernen.\u201d<\/strong><\/p>\n<p>Anzeige:<\/p>\n<p>Empfehlungen unserer Partner<\/p>\n<p>Video-Tipp: Rita Ora und Isi Gl\u00fcck am Er\u00f6ffnungswochenende in IschglZusammenarbeit mit seinem Label aufgek\u00fcndigt<\/p>\n<p class=\"AnnotatedMarkup_paragraph__IUT9l\">Weitere Aussagen zu seiner Karrierepause t\u00e4tigt Ski Aggu in dem Instagram-Beitrag nicht. Das Magazin Spiegel hatte zuletzt jedoch \u00fcber Ski Aggus Label Bamboo Artists berichtet. <strong>Zahlreiche Mitarbeiter hatten in der Recherche Gr\u00fcnder Leander Kirschner Grenz\u00fcberschreitungen vorgeworfen<\/strong>. Laut \u201eSpiegel\u201d hat Ski Aggu die Zusammenarbeit mit dem Label inzwischen aufgek\u00fcndigt.<\/p>\n<p class=\"AnnotatedMarkup_paragraph__IUT9l\"><strong>Lese-Tipp: <\/strong><a href=\"https:\/\/www.rtl.de\/news\/oklahoma-polizist-liefert-tanzeinlage-um-party-zu-beenden-id6777975.html\" target=\"_self\" rel=\"noopener\">Voller K\u00f6rper-Einsatz! Polizist beendet Party \u2013 mit DIESEM Auftritt<\/a><\/p>\n<p class=\"AnnotatedMarkup_paragraph__IUT9l\">Auch ist der K\u00fcnstler daf\u00fcr bekannt, ironische Aussagen zu treffen. Ist seine Ank\u00fcndigung, dem Musikbusiness den R\u00fccken zu kehren, daher f\u00fcr bare M\u00fcnze zu nehmen? <strong>So schreibt Ski Aggu in einem Kommentar zu seinem eigenen Instagram-Post: \u201eErst mach ich Work and Travel, dann Au-pair und dann eine Ausbildung bei der Sparkasse Schmargendorf.\u201d<\/strong> Schmargendorf ist ein Ortsteil des Berliner Bezirks Charlottenburg-Wilmersdorf, aus dem der Musiker stammt. (spotonnews\/ajo)<\/p>\n<p class=\"AnnotatedMarkup_paragraph__IUT9l\">Verwendete Quellen: Spot On News, <a rel=\"noopener noreferrer\" href=\"https:\/\/www.instagram.com\/wer.ist.aggu\/\" target=\"_blank\">Instagram<\/a><\/p>\n<p><script async src=\"\/\/www.instagram.com\/embed.js\"><\/script><\/p>\n","protected":false},"excerpt":{"rendered":"Er legt das Mikro \u201eauf unbestimmte Zeit\u201d zur SeiteSki Aggu verk\u00fcndet \u00fcberraschend Karrierepause Rapper Ski Aggu hat eine&hellip;\n","protected":false},"author":2,"featured_media":665412,"comment_status":"","ping_status":"","sticky":false,"template":"","format":"standard","meta":{"footnotes":""},"categories":[1776],"tags":[155140,1912,1801,29,143739,214,30,152,1710,155139,143737,474,810,143738,5276,1802,2045,12,18995,5275,215,143736],"class_list":{"0":"post-665411","1":"post","2":"type-post","3":"status-publish","4":"format-standard","5":"has-post-thumbnail","7":"category-prominente","8":"tag-apres-ski","9":"tag-australien","10":"tag-celebrities","11":"tag-deutschland","12":"tag-ems_unterhaltung_stars","13":"tag-entertainment","14":"tag-germany","15":"tag-instagram","16":"tag-karriere","17":"tag-karrierepause","18":"tag-klatsch-und-tratsch","19":"tag-mallorca","20":"tag-musik","21":"tag-promi-news-aktuell","22":"tag-promi-news","23":"tag-prominente","24":"tag-promis","25":"tag-schlagzeilen","26":"tag-ski-aggu","27":"tag-star-news","28":"tag-unterhaltung","29":"tag-vip-news"},"share_on_mastodon":{"url":"https:\/\/pubeurope.com\/@de\/115765768548869260","error":""},"_links":{"self":[{"href":"https:\/\/www.europesays.com\/de\/wp-json\/wp\/v2\/posts\/665411","targetHints":{"allow":["GET"]}}],"collection":[{"href":"https:\/\/www.europesays.com\/de\/wp-json\/wp\/v2\/posts"}],"about":[{"href":"https:\/\/www.europesays.com\/de\/wp-json\/wp\/v2\/types\/post"}],"author":[{"embeddable":true,"href":"https:\/\/www.europesays.com\/de\/wp-json\/wp\/v2\/users\/2"}],"replies":[{"embeddable":true,"href":"https:\/\/www.europesays.com\/de\/wp-json\/wp\/v2\/comments?post=665411"}],"version-history":[{"count":0,"href":"https:\/\/www.europesays.com\/de\/wp-json\/wp\/v2\/posts\/665411\/revisions"}],"wp:featuredmedia":[{"embeddable":true,"href":"https:\/\/www.europesays.com\/de\/wp-json\/wp\/v2\/media\/665412"}],"wp:attachment":[{"href":"https:\/\/www.europesays.com\/de\/wp-json\/wp\/v2\/media?parent=665411"}],"wp:term":[{"taxonomy":"category","embeddable":true,"href":"https:\/\/www.europesays.com\/de\/wp-json\/wp\/v2\/categories?post=665411"},{"taxonomy":"post_tag","embeddable":true,"href":"https:\/\/www.europesays.com\/de\/wp-json\/wp\/v2\/tags?post=665411"}],"curies":[{"name":"wp","href":"https:\/\/api.w.org\/{rel}","templated":true}]}}