{"id":665413,"date":"2025-12-22T23:16:20","date_gmt":"2025-12-22T23:16:20","guid":{"rendered":"https:\/\/www.europesays.com\/de\/665413\/"},"modified":"2025-12-22T23:16:20","modified_gmt":"2025-12-22T23:16:20","slug":"architektur-in-stuttgart-stuttgarter-architekten-glaenzen-mit-innovativen-bauten","status":"publish","type":"post","link":"https:\/\/www.europesays.com\/de\/665413\/","title":{"rendered":"Architektur in Stuttgart: Stuttgarter Architekten gl\u00e4nzen mit innovativen Bauten"},"content":{"rendered":"<p>Die umgebaute <a href=\"https:\/\/www.stuttgarter-zeitung.de\/inhalt.architektur-aus-stuttgart-stuttgarts-ruppige-schoenheit.4d782396-c4e2-4e02-8e7b-7c52c116e6a5.html\" target=\"_blank\" rel=\"nofollow noopener\">MHP Arena in Stuttgart<\/a>, sensibel sanierte Wohnungen, ein <a href=\"https:\/\/www.stuttgarter-zeitung.de\/inhalt.architektur-rekord-in-wendlingen-das-groesste-holzparkhaus-deutschlands.1a5bfc53-3858-4fa6-8c69-8bcb56203196.html\" target=\"_blank\" rel=\"nofollow noopener\">Holzparkhaus<\/a>, eine <a href=\"https:\/\/www.stuttgarter-zeitung.de\/inhalt.architekten-in-stuttgart-grosse-auszeichnung-fuer-junges-stuttgarter-architekturbuero.6f82cb3e-3679-4bbf-9cf6-36e6e2548b6d.html\" target=\"_blank\" rel=\"nofollow noopener\">Festhalle f\u00fcr ein ganzes Dorf <\/a>\u2013die Stuttgarter Architekturb\u00fcros sind reich vertreten in einer Sammlung vorbildlicher Architekturprojekte in der Landeshauptstadt und anderswo, die sich um m\u00f6glichst kreislaufgerechtes und ressourcenschonendes Bauen und Umbauen bem\u00fcht. <\/p>\n<p>Die heutige <a href=\"https:\/\/www.stuttgarter-zeitung.de\/inhalt.preis-fuer-architektur-stuttgarter-architekten-raeumen-beim-preis-fuer-die-besten-buerobauten-ab.b7a51cf0-3fba-44f4-ac2d-98378ab1cdb1.html\" target=\"_blank\" rel=\"nofollow noopener\">Architektenschaft <\/a>steht vor <a href=\"https:\/\/www.stuttgarter-zeitung.de\/inhalt.architektur-in-stuttgart-wie-das-bessere-bauen-gelingt.1627c7c9-5a8b-4789-aa5a-874709a53b3b.html\" target=\"_blank\" rel=\"nofollow noopener\">enormen Herausforderungen<\/a>, nicht nur, was die unz\u00e4hligen Bauvorschriften betrifft. Wer baut, verbraucht Ressourcen, diese sind aber endlich, vom klimasch\u00e4dlichen CO2-Aussto\u00df bei der <a href=\"https:\/\/www.stuttgarter-zeitung.de\/inhalt.klimaschutz-in-baden-wuerttemberg-verdammter-zement-heiliger-zement.62e43210-0779-465c-9fdc-891dec057590.html\" target=\"_blank\" rel=\"nofollow noopener\">Erzeugung von Baustoffen<\/a> zu schweigen. Und vom Abriss und was mit all dem Schutt geschieht ganz abgesehen.<\/p>\n<p>Wohnungen und \u00f6ffentliche Bauten von Stuttgarter Architekten  <\/p>\n<p>Wie mit diesem Thema innovativ und baukulturell \u00fcberzeugend umgegangen werden kann, zeigt das Buch \u201eSustainable: Architecture &amp; Design 2025\/2026\u201c von Andrea Herold und Tina Kammer. In Text und Bild vorgestellt werden vorbildliche Beispiele in der ganzen Welt \u2013 von der atmosph\u00e4risch eindrucksvollen Holzkapelle in Tschechien \u00fcber ein niederl\u00e4ndisches Wohnquartier mit <a href=\"https:\/\/www.stuttgarter-zeitung.de\/inhalt.architekt-stefan-behnisch-und-sein-stuttgart-die-stadt-ist-ein-bisschen-langweilig-aber-man-lebt-unheimlich-gut-hier.f2887133-3bcb-4a16-9052-4eb602679ba1.html\" target=\"_blank\" rel=\"nofollow noopener\">vertikalem Wald<\/a> aus 360 B\u00e4umen und 50.000 Str\u00e4uchern bis zum spektakul\u00e4ren <a href=\"https:\/\/www.stuttgarter-zeitung.de\/inhalt.architektur-aus-ziegel-drei-architekturpreise-gehen-nach-stuttgart-und-die-region.1404927a-0e88-49ff-b772-0d69f86b0103.html\" target=\"_blank\" rel=\"nofollow noopener\">Ziegel<\/a>-Museumsbau in China. <\/p>\n<p>Und mit Beteiligung aus <a href=\"https:\/\/www.stuttgarter-zeitung.de\/thema\/Stuttgart\" title=\"Stuttgart\" class=\"art_thema\" rel=\"nofollow noopener\" target=\"_blank\">Stuttgart<\/a>. Im Buch findet sich etwa ein architektonisch beeindruckender Forschungsbau mit innovativem <a href=\"https:\/\/www.stuttgarter-zeitung.de\/inhalt.hitze-in-der-stadt-neuartiger-schirm-in-stuttgart-greift-lichtaugen-vom-tiefbahnhof-auf.14391878-ca42-4904-8064-d7d2d976f3df.html\" target=\"_blank\" rel=\"nofollow noopener\">Sonnenschutz<\/a> und hoher Energieeffizienz in Pennsylvania, USA, durch <a href=\"https:\/\/www.stuttgarter-zeitung.de\/inhalt.architekt-stefan-behnisch-und-sein-stuttgart-die-stadt-ist-ein-bisschen-langweilig-aber-man-lebt-unheimlich-gut-hier.f2887133-3bcb-4a16-9052-4eb602679ba1.html\" target=\"_blank\" rel=\"nofollow noopener\">Behnisch Architekten<\/a>.<\/p>\n<p>  <img decoding=\"async\" loading=\"lazy\" src=\"https:\/\/www.europesays.com\/de\/wp-content\/uploads\/2025\/12\/media.media.534420fc-7843-44c3-8594-23299c90c1ff.original1024.media.jpeg\"\/>     Innovativer Sonnenschutz und hohe Energieeffizienz: Behnisch Architekten aus Stuttgart sind mit einem Forschungsbau in den USA vertreten.    Foto: Brad Feinknopf\/avedition    <\/p>\n<p>Wie vielf\u00e4ltig die Bauaufgaben sind, zeigt sich auch in der Region Stuttgart. Bereits fertiggestellte Projekte sind darunter, etwa der besagte kreislaufgerechte Umbau der MHP Arena in Stuttgart durch<a href=\"https:\/\/www.stuttgarter-zeitung.de\/inhalt.rosensteinquartier-in-stuttgart-die-stadt-von-morgen-muss-dicht-aber-auch-radikal-gruen-sein.7b76e608-0cf5-410c-8a05-0d8e2748f90f.html\" target=\"_blank\" rel=\"nofollow noopener\"> asp Architekten<\/a>, bei dem Material wiederverwendet wurde und R-Beton zum Einsatz kam. Auch der j\u00fcngst mit dem Deutschen Nachhaltigkeitspreis f\u00fcr <a href=\"https:\/\/www.stuttgarter-zeitung.de\/thema\/Architektur\" title=\"Architektur\" class=\"art_thema\" rel=\"nofollow noopener\" target=\"_blank\">Architektur<\/a> gekr\u00f6nte Festhallen-Umbau des Stuttgarter B\u00fcros <a href=\"https:\/\/www.stuttgarter-zeitung.de\/inhalt.ausgezeichnete-architektur-junge-architekten-aus-stuttgart-starten-durch.8db8f967-2eda-4ccc-b9ef-f94d15829e1b.html\" target=\"_blank\" rel=\"nofollow noopener\">Atelier Kaiser Shen<\/a> findet sich unter den vorgestellten Projekten. <\/p>\n<p>  Holzbau aus Stuttgart <\/p>\n<p>Und ein kreislauff\u00e4higer B\u00fcroneubau namens ZERO, der in Stuttgart-M\u00f6hringen entstanden ist, findet sich in dem informativen Bildband. Der Entwurf des B\u00fcros Riehle Koeth f\u00fcr das f\u00fcnfst\u00f6ckige Geb\u00e4ude besteht aus rund 300 Holzmodulen, von Holzbaubetrieben vorproduziert und innerhalb von zw\u00f6lf Wochen aufgebaut. Die Module sind allesamt r\u00fcckbaubar. Eisspeicher, <a href=\"https:\/\/www.stuttgarter-zeitung.de\/thema\/W%C3%A4rmepumpe\" target=\"_blank\" rel=\"nofollow noopener\">W\u00e4rmepumpe<\/a>, Photovoltaik sorgen daf\u00fcr, dass das Geb\u00e4ude \u201enahezu emissionsfrei\u201c versorgt wird. <\/p>\n<p>Anspruchsvolle Denkmalschutz-Umbauten sind ebenfalls Thema im Buch. Vorgestellt wird eine mit dem Hugo H\u00e4ring Preis des B<a href=\"https:\/\/www.stuttgarter-zeitung.de\/inhalt.architektur-hugo-haering-preis-stuttgart-neun-ausgezeichnete-bauten-in-stuttgart-und-der-region.a607e447-649b-4a20-ad99-99ce2d34da07.html\" target=\"_blank\" rel=\"nofollow noopener\">undes deutscher Architektinnen und Architekten (BDA)<\/a> ausgezeichnete <a href=\"https:\/\/www.stuttgarter-zeitung.de\/inhalt.schoen-wohnen-im-schwarzwald-alter-schwarzwaldhof-wird-zum-glamouroesen-familiendomizil.da5be865-0b47-44d6-b809-2a1c68fcb865.html\" target=\"_blank\" rel=\"nofollow noopener\">Rettung eines Jahrhunderte alten Bauernhofes<\/a> in Hornberg im Schwarzwald durch Hardy Happle Architekten. Und auch der Weiterbau einer Scheune durch Steinbach Schimmel Architekten, in Neuenstein-Kleinhirschbach im Hohenlohekreis zeigt, wie Baukultur und Nachverdichtung ohne weiteren Fl\u00e4chenverbrauch auf dem Land funktioniert. <\/p>\n<p> 5 weitere Projekte von Stuttgarter Architekten <\/p>\n<ul>\n<li> Stuttgarter B\u00fcroumbau in einen Lernort durch Isabell Ehring <\/li>\n<li>Tempor\u00e4r nutzbares, r\u00fcckbaubares \u201eStadion der Tr\u00e4ume\u201c von umschichten Stuttgart<\/li>\n<li>Umnutzung einer Kirche in ein Ort des Miteinanders in Wendlingen von Drei Architekten<\/li>\n<li>Umbau eines T\u00fcbinger Mehrfamilienhauses von 1912 durch Lohrmannarchitekten <\/li>\n<li>Schattenspender-Entw\u00fcrfe f\u00fcr urbane Pl\u00e4tze von Stuttgarter Architekturstudierenden <\/li>\n<\/ul>\n<p>Geplante Bauten und sich im Bau befindliche St\u00e4dtebau-Vorhaben in Deutschland werden bildstark pr\u00e4sentiert. Dazu geh\u00f6rt auch ein formal-gestalterisch interessantes Wohnquartier f\u00fcr 30.000 Menschen in der N\u00e4he des K\u00f6lner Doms sowie eine architektonisch reizvolle Quartiersentwicklung auf einem stillgelegten Betriebswerk in Heidelberg. Selbstredend ist das IBA 27-Wohnprojekt in <a href=\"https:\/\/www.stuttgarter-zeitung.de\/inhalt.wohnen-in-stuttgart-rot-ein-stuttgarter-stadtteil-erfindet-sich-neu.5b277618-464d-46d3-b087-ffaa89f54c10.html\" target=\"_blank\" rel=\"nofollow noopener\">Quartier am Rotweg in Stuttgart-Rot <\/a>dabei. Und im Buch ist noch ein IBA 27-Projekt vertreten \u2013 das bereits fertig gebaute Holzparkhaus in Wendlingen des Stuttgarter B\u00fcros herrmann + bosch architekten. <\/p>\n<p>Sollten einmal keine Autos dort mehr parken, l\u00e4sst sich das Geb\u00e4ude ohne hohen Aufwand umbauen \u2013 anders als etwa der <a href=\"https:\/\/www.stuttgarter-zeitung.de\/inhalt.eberhardstrasse-stuttgart-abriss-des-schwabenzentrums-schreitet-voran-central-one-entsteht.669ba6f3-03db-4bd6-9652-79eb0302d97b.html\" target=\"_blank\" rel=\"nofollow noopener\">B\u00fcro- und Gesch\u00e4ftsbau in der Eberhardstra\u00dfe <\/a>neben dem Kaufhaus Breuninger in Stuttgart, der dieser Tage abgerissen wird. Derlei vorausschauende Planung verl\u00e4ngert das Leben von Geb\u00e4uden nachhaltig. <\/p>\n<p>Weitere Bilder und Infos zu den Bauten im Buch finden sich in der Bildergalerie. <\/p>\n<p> Buch <\/p>\n<p class=\"infobox\"> <strong>Architektur- und Nachhaltigkeitswerk<\/strong><br \/>Andrea Herold und Tina Kammer: Sustainable: Architecture &amp; Design 2025\/2026 avedition, Stuttgart. 285 Seiten, 69 Euro.<\/p>\n","protected":false},"excerpt":{"rendered":"Die umgebaute MHP Arena in Stuttgart, sensibel sanierte Wohnungen, ein Holzparkhaus, eine Festhalle f\u00fcr ein ganzes Dorf \u2013die&hellip;\n","protected":false},"author":2,"featured_media":665414,"comment_status":"","ping_status":"","sticky":false,"template":"","format":"standard","meta":{"footnotes":""},"categories":[1775],"tags":[2250,1793,7600,17978,66017,29,214,30,1794,4507,1441,101422,215,16007],"class_list":{"0":"post-665413","1":"post","2":"type-post","3":"status-publish","4":"format-standard","5":"has-post-thumbnail","7":"category-kunst-und-design","8":"tag-architektur","9":"tag-art-and-design","10":"tag-bauen","11":"tag-behnisch","12":"tag-buerobau","13":"tag-deutschland","14":"tag-entertainment","15":"tag-germany","16":"tag-kunst-und-design","17":"tag-nachhaltigkeit","18":"tag-stuttgart","19":"tag-umbauen","20":"tag-unterhaltung","21":"tag-wohnhaus"},"share_on_mastodon":{"url":"https:\/\/pubeurope.com\/@de\/115765771302263552","error":""},"_links":{"self":[{"href":"https:\/\/www.europesays.com\/de\/wp-json\/wp\/v2\/posts\/665413","targetHints":{"allow":["GET"]}}],"collection":[{"href":"https:\/\/www.europesays.com\/de\/wp-json\/wp\/v2\/posts"}],"about":[{"href":"https:\/\/www.europesays.com\/de\/wp-json\/wp\/v2\/types\/post"}],"author":[{"embeddable":true,"href":"https:\/\/www.europesays.com\/de\/wp-json\/wp\/v2\/users\/2"}],"replies":[{"embeddable":true,"href":"https:\/\/www.europesays.com\/de\/wp-json\/wp\/v2\/comments?post=665413"}],"version-history":[{"count":0,"href":"https:\/\/www.europesays.com\/de\/wp-json\/wp\/v2\/posts\/665413\/revisions"}],"wp:featuredmedia":[{"embeddable":true,"href":"https:\/\/www.europesays.com\/de\/wp-json\/wp\/v2\/media\/665414"}],"wp:attachment":[{"href":"https:\/\/www.europesays.com\/de\/wp-json\/wp\/v2\/media?parent=665413"}],"wp:term":[{"taxonomy":"category","embeddable":true,"href":"https:\/\/www.europesays.com\/de\/wp-json\/wp\/v2\/categories?post=665413"},{"taxonomy":"post_tag","embeddable":true,"href":"https:\/\/www.europesays.com\/de\/wp-json\/wp\/v2\/tags?post=665413"}],"curies":[{"name":"wp","href":"https:\/\/api.w.org\/{rel}","templated":true}]}}