{"id":665417,"date":"2025-12-22T23:19:18","date_gmt":"2025-12-22T23:19:18","guid":{"rendered":"https:\/\/www.europesays.com\/de\/665417\/"},"modified":"2025-12-22T23:19:18","modified_gmt":"2025-12-22T23:19:18","slug":"berliner-rapper-ski-aggu-kuendigt-auszeit-in-australien-an","status":"publish","type":"post","link":"https:\/\/www.europesays.com\/de\/665417\/","title":{"rendered":"Berliner Rapper Ski Aggu k\u00fcndigt Auszeit in Australien an"},"content":{"rendered":"<p class=\"tspAGen tspAGeo\">Der preisgekr\u00f6nte Rapper Ski Aggu will sich eine Auszeit vom Musikbetrieb nehmen. \u201eRap auf technobeats ist jetzt offiziell mainstream, ich habe diesen sommer in der wuhlheide gespielt und wir waren sogar international unterwegs\u201c, postete er auf Instagram. Daf\u00fcr werde er immer dankbar sein. \u201eJetzt ist es aber an der zeit, auf mein k\u00f6rper zu h\u00f6ren und das mikrofon f\u00fcr eine unbestimmte zeit wegzulegen.\u201c<\/p>\n<p class=\"tspAGen\">Zu Ski Aggus bekanntesten Songs geh\u00f6ren \u201eParty Sahne\u201c und \u201eFriesenjung\u201c. Der Musiker aus Berlin-Wilmersdorf, der b\u00fcrgerlich August Jean Diederich hei\u00dft, ist bekannt f\u00fcr seine Auftritte mit Skibrille. Er wurde unter anderem mit dem Musikpreis \u201e1Live-Krone\u201c ausgezeichnet.<\/p>\n<p> Mehr aus Berlin: <a href=\"https:\/\/www.tagesspiegel.de\/berlin\/musik-chabos-wissen-wer-zahide-ist-teenagerin-auf-hohenflug-15061905.html?icid=topic-list_15075923___\" data-gtm-class=\"article-mzt-link\" data-hydrate-fingerprint=\"09740a54944caac75fd2c0c63fd5c5df\" data-hydrate-props=\"{&amp;escapedquot;element&amp;escapedquot;:{&amp;escapedquot;type&amp;escapedquot;:&amp;escapedquot;relatedContent&amp;escapedquot;,&amp;escapedquot;fieldMap&amp;escapedquot;:{},&amp;escapedquot;relation&amp;escapedquot;:{&amp;escapedquot;fields&amp;escapedquot;:{&amp;escapedquot;isPaid&amp;escapedquot;:null},&amp;escapedquot;href&amp;escapedquot;:&amp;escapedquot;\/berlin\/musik-chabos-wissen-wer-zahide-ist-teenagerin-auf-hohenflug-15061905.html&amp;escapedquot;,&amp;escapedquot;teaserTitle&amp;escapedquot;:{&amp;escapedquot;kicker&amp;escapedquot;:&amp;escapedquot;\u201eChabos wissen, wer Zah1de ist\u201c&amp;escapedquot;,&amp;escapedquot;headline&amp;escapedquot;:&amp;escapedquot;F\u00fcnfzehnj\u00e4hrige Berliner Rapperin \u201ezerfetzt marketingtechnisch alles\u201c&amp;escapedquot;},&amp;escapedquot;id&amp;escapedquot;:&amp;escapedquot;15061905&amp;escapedquot;,&amp;escapedquot;type&amp;escapedquot;:&amp;escapedquot;story&amp;escapedquot;},&amp;escapedquot;isPartOfList&amp;escapedquot;:true,&amp;escapedquot;topicListType&amp;escapedquot;:&amp;escapedquot;topic-list&amp;escapedquot;},&amp;escapedquot;showArrow&amp;escapedquot;:true}\" data-hydrate-slots=\"{&#039;default&#039;:[]}\" class=\"tspBTll\" target=\"_blank\" rel=\"noopener\">\u201eChabos wissen, wer Zah1de ist\u201c F\u00fcnfzehnj\u00e4hrige Berliner Rapperin \u201ezerfetzt marketingtechnisch alles\u201c <\/a><a href=\"https:\/\/www.tagesspiegel.de\/kultur\/katharina-thalbach-im-interview-ich-schenke-nichts-nur-ganz-viel-liebe-15052615.html?icid=topic-list_15075923___\" data-gtm-class=\"article-mzt-link\" data-hydrate-fingerprint=\"09740a54944caac75fd2c0c63fd5c5df\" data-hydrate-props=\"{&amp;escapedquot;element&amp;escapedquot;:{&amp;escapedquot;type&amp;escapedquot;:&amp;escapedquot;relatedContent&amp;escapedquot;,&amp;escapedquot;fieldMap&amp;escapedquot;:{},&amp;escapedquot;relation&amp;escapedquot;:{&amp;escapedquot;fields&amp;escapedquot;:{&amp;escapedquot;isPaid&amp;escapedquot;:true},&amp;escapedquot;href&amp;escapedquot;:&amp;escapedquot;\/kultur\/katharina-thalbach-im-interview-ich-schenke-nichts-nur-ganz-viel-liebe-15052615.html&amp;escapedquot;,&amp;escapedquot;teaserTitle&amp;escapedquot;:{&amp;escapedquot;kicker&amp;escapedquot;:&amp;escapedquot;Katharina Thalbach im Interview&amp;escapedquot;,&amp;escapedquot;headline&amp;escapedquot;:&amp;escapedquot;\u201eIch schenke nichts, nur ganz viel Liebe\u201c&amp;escapedquot;},&amp;escapedquot;id&amp;escapedquot;:&amp;escapedquot;15052615&amp;escapedquot;,&amp;escapedquot;type&amp;escapedquot;:&amp;escapedquot;story&amp;escapedquot;},&amp;escapedquot;isPartOfList&amp;escapedquot;:true,&amp;escapedquot;topicListType&amp;escapedquot;:&amp;escapedquot;topic-list&amp;escapedquot;},&amp;escapedquot;showArrow&amp;escapedquot;:true}\" data-hydrate-slots=\"{&#039;default&#039;:[]}\" class=\"tspBTll\" target=\"_blank\" rel=\"noopener\">Katharina Thalbach im Interview \u201eIch schenke nichts, nur ganz viel Liebe\u201c <\/a><a href=\"https:\/\/www.tagesspiegel.de\/berlin\/schauspieler-frederick-lau-uber-seine-familie-es-funktioniert-ja-ganz-gut-ohne-mich-15044658.html?icid=topic-list_15075923___\" data-gtm-class=\"article-mzt-link\" data-hydrate-fingerprint=\"09740a54944caac75fd2c0c63fd5c5df\" data-hydrate-props=\"{&amp;escapedquot;element&amp;escapedquot;:{&amp;escapedquot;type&amp;escapedquot;:&amp;escapedquot;relatedContent&amp;escapedquot;,&amp;escapedquot;fieldMap&amp;escapedquot;:{},&amp;escapedquot;relation&amp;escapedquot;:{&amp;escapedquot;fields&amp;escapedquot;:{&amp;escapedquot;isPaid&amp;escapedquot;:null},&amp;escapedquot;href&amp;escapedquot;:&amp;escapedquot;\/berlin\/schauspieler-frederick-lau-uber-seine-familie-es-funktioniert-ja-ganz-gut-ohne-mich-15044658.html&amp;escapedquot;,&amp;escapedquot;teaserTitle&amp;escapedquot;:{&amp;escapedquot;kicker&amp;escapedquot;:&amp;escapedquot;Schauspieler Frederick Lau \u00fcber seine Familie&amp;escapedquot;,&amp;escapedquot;headline&amp;escapedquot;:&amp;escapedquot;\u201eEs funktioniert ja ganz gut ohne mich\u201c&amp;escapedquot;},&amp;escapedquot;id&amp;escapedquot;:&amp;escapedquot;15044658&amp;escapedquot;,&amp;escapedquot;type&amp;escapedquot;:&amp;escapedquot;story&amp;escapedquot;},&amp;escapedquot;isPartOfList&amp;escapedquot;:true,&amp;escapedquot;topicListType&amp;escapedquot;:&amp;escapedquot;topic-list&amp;escapedquot;},&amp;escapedquot;showArrow&amp;escapedquot;:true}\" data-hydrate-slots=\"{&#039;default&#039;:[]}\" class=\"tspBTll\" target=\"_blank\" rel=\"noopener\">Schauspieler Frederick Lau \u00fcber seine Familie \u201eEs funktioniert ja ganz gut ohne mich\u201c <\/a><\/p>\n<p class=\"tspAGen\">Vor f\u00fcnf Jahren habe er seinen ersten Song herausgebracht, schrieb Ski Aggu weiter. Viele Menschen h\u00e4tten ihn unten sehen wollen, \u201eaber ich habe meine sache durchgezogen und mit hilfe meiner community das game rasiert.\u201c Die Auszeit wolle er nutzen, um \u201eWork and Travel\u201c in Australien zu machen\u00a0\u2013 und endlich ein bisschen Englisch zu lernen. (dpa\/Tsp)<\/p>\n","protected":false},"excerpt":{"rendered":"Der preisgekr\u00f6nte Rapper Ski Aggu will sich eine Auszeit vom Musikbetrieb nehmen. \u201eRap auf technobeats ist jetzt offiziell&hellip;\n","protected":false},"author":2,"featured_media":665418,"comment_status":"","ping_status":"","sticky":false,"template":"","format":"standard","meta":{"footnotes":""},"categories":[1772],"tags":[29,214,30,152,1779,810,215],"class_list":{"0":"post-665417","1":"post","2":"type-post","3":"status-publish","4":"format-standard","5":"has-post-thumbnail","7":"category-musik","8":"tag-deutschland","9":"tag-entertainment","10":"tag-germany","11":"tag-instagram","12":"tag-music","13":"tag-musik","14":"tag-unterhaltung"},"share_on_mastodon":{"url":"https:\/\/pubeurope.com\/@de\/115765783312132068","error":""},"_links":{"self":[{"href":"https:\/\/www.europesays.com\/de\/wp-json\/wp\/v2\/posts\/665417","targetHints":{"allow":["GET"]}}],"collection":[{"href":"https:\/\/www.europesays.com\/de\/wp-json\/wp\/v2\/posts"}],"about":[{"href":"https:\/\/www.europesays.com\/de\/wp-json\/wp\/v2\/types\/post"}],"author":[{"embeddable":true,"href":"https:\/\/www.europesays.com\/de\/wp-json\/wp\/v2\/users\/2"}],"replies":[{"embeddable":true,"href":"https:\/\/www.europesays.com\/de\/wp-json\/wp\/v2\/comments?post=665417"}],"version-history":[{"count":0,"href":"https:\/\/www.europesays.com\/de\/wp-json\/wp\/v2\/posts\/665417\/revisions"}],"wp:featuredmedia":[{"embeddable":true,"href":"https:\/\/www.europesays.com\/de\/wp-json\/wp\/v2\/media\/665418"}],"wp:attachment":[{"href":"https:\/\/www.europesays.com\/de\/wp-json\/wp\/v2\/media?parent=665417"}],"wp:term":[{"taxonomy":"category","embeddable":true,"href":"https:\/\/www.europesays.com\/de\/wp-json\/wp\/v2\/categories?post=665417"},{"taxonomy":"post_tag","embeddable":true,"href":"https:\/\/www.europesays.com\/de\/wp-json\/wp\/v2\/tags?post=665417"}],"curies":[{"name":"wp","href":"https:\/\/api.w.org\/{rel}","templated":true}]}}