{"id":665425,"date":"2025-12-22T23:24:23","date_gmt":"2025-12-22T23:24:23","guid":{"rendered":"https:\/\/www.europesays.com\/de\/665425\/"},"modified":"2025-12-22T23:24:23","modified_gmt":"2025-12-22T23:24:23","slug":"saengerin-nicki-minaj-nennt-us-vizepraesident-jd-vance-den-attentaeter","status":"publish","type":"post","link":"https:\/\/www.europesays.com\/de\/665425\/","title":{"rendered":"S\u00e4ngerin Nicki Minaj nennt US-Vizepr\u00e4sident JD Vance \u201eden Attent\u00e4ter\u201c"},"content":{"rendered":"<p class=\"tspAGen tspAGeo\">Bei einem Auftritt auf dem \u201eAmericaFest\u201c der einst von <a href=\"https:\/\/www.tagesspiegel.de\/internationales\/nach-der-ermordung-von-charlie-kirk-die-politische-spaltung-amerikas-wird-sich-weiter-vertiefen-14312681.html?icid=in-text-link_15076002\" class=\"link link--internal\" data-gtm-class=\"article-text-link\" data-gtm-val=\"internal\" target=\"_blank\" rel=\"noopener\">Charlie Kirk<\/a> gegr\u00fcndeten, christlich-nationalistischen Organisation Turning Point USA hat die S\u00e4ngerin <a href=\"https:\/\/www.tagesspiegel.de\/kultur\/der-thron-der-rap-konigin-wackelt-4043443.html?icid=in-text-link_15076002\" class=\"link link--internal\" data-gtm-class=\"article-text-link\" data-gtm-val=\"internal\" target=\"_blank\" rel=\"noopener\">Nicki Minaj<\/a> f\u00fcr Aufsehen gesorgt. W\u00e4hrend eines gemeinsamen B\u00fchnengespr\u00e4chs mit Erika Kirk, der Witwe von Charlie, betitelte die Rapperin zun\u00e4chst Kaliforniens demokratischen Gouverneur <a href=\"https:\/\/www.tagesspiegel.de\/internationales\/versager-werden-ihn-feuern-kaliforniens-gouverneur-newsom-keilt-gegen-trump--und-kundigt-tag-der-befreiung-an-14174837.html?icid=in-text-link_15076002\" class=\"link link--internal\" data-gtm-class=\"article-text-link\" data-gtm-val=\"internal\" target=\"_blank\" rel=\"noopener\">Gavin Newsom<\/a> als \u201eAbschaum\u201c und forderte junge M\u00e4nner in den USA auf, sich andere \u201egro\u00dfartige Vorbilder\u201c zu suchen. Etwa US-Pr\u00e4sident Donald Trump, der \u201egutaussehend und schneidig\u201c sei. <\/p>\n<p class=\"tspAGen\">Dann wollte sie offenbar auch positive Worte \u00fcber Vizepr\u00e4sident JD Vance finden \u2013 bezeichnete diesen dann aber einfach nur als \u201e<strong>den Attent\u00e4ter<\/strong>\u201c. Kurz darauf senkte Minaj sichtlich erschrocken das Mikrofon und hielt sich die Hand vor den Mund hielt. <\/p>\n<p class=\"tspA0hw\">Empfohlener redaktioneller Inhalt<\/p>\n<p> An dieser Stelle finden Sie einen von unseren Redakteuren ausgew\u00e4hlten, externen Inhalt, der den Artikel f\u00fcr Sie mit zus\u00e4tzlichen Informationen anreichert. Sie k\u00f6nnen sich hier den externen Inhalt mit einem Klick anzeigen lassen oder wieder ausblenden. <\/p>\n<p> Externen Inhalt anzeigen <\/p>\n<p class=\"tspA0h2\"> Ich bin damit einverstanden, dass mir der externe Inhalt angezeigt wird. Damit k\u00f6nnen personenbezogene Daten an Drittplattformen \u00fcbermittelt werden.  Mehr Informationen dazu erhalten Sie in den Datenschutz-Einstellungen. Diese finden Sie ganz unten auf unserer Seite im Footer, sodass Sie Ihre Einstellungen jederzeit verwalten oder widerrufen k\u00f6nnen. <\/p>\n<p class=\"tspAGen\">Erika Kirk, deren Mann im September erschossen wurde, reagierte jedoch gelassen, erkl\u00e4rte, sie habe \u201eschon alles geh\u00f6rt\u201c und betonte, Minaj zu \u201elieben\u201c. Der hatte die Szene offenbar die Sprache verschlagen. Minaj schaute Kirk nur an, w\u00e4hrend diese erneut das Wort ergriff und Minaj eine \u201eSeele und ein Herz f\u00fcr Gott\u201c attestierte. Schlie\u00dflich dankte Minaj Kirk und bezeichnete diese als \u201emeine Schwester\u201c. <\/p>\n<p> Vance studierte \u201ejede Verschw\u00f6rungstheorie\u201c zum Tode Kirks <\/p>\n<p class=\"tspAGen\">Zuvor war Vance selbst bei der Veranstaltung aufgetreten und hatte unter anderem erz\u00e4hlt, wie sehr ihn der Mord an Charlie Kirk getroffen habe. Tagelang habe er nicht schlafen k\u00f6nnen und bis tief in die Nacht im Internet \u201ejede m\u00f6gliche Verschw\u00f6rungstheorie\u201c zu dessen Tod studiert. Seine Ehefrau habe schon begonnen, sich Sorgen um Vance zu machen, sagte dieser. <\/p>\n<p class=\"tspA0hw\">Empfohlener redaktioneller Inhalt<\/p>\n<p> An dieser Stelle finden Sie einen von unseren Redakteuren ausgew\u00e4hlten, externen Inhalt, der den Artikel f\u00fcr Sie mit zus\u00e4tzlichen Informationen anreichert. Sie k\u00f6nnen sich hier den externen Inhalt mit einem Klick anzeigen lassen oder wieder ausblenden. <\/p>\n<p> Externen Inhalt anzeigen <\/p>\n<p class=\"tspA0h2\"> Ich bin damit einverstanden, dass mir der externe Inhalt angezeigt wird. Damit k\u00f6nnen personenbezogene Daten an Drittplattformen \u00fcbermittelt werden.  Mehr Informationen dazu erhalten Sie in den Datenschutz-Einstellungen. Diese finden Sie ganz unten auf unserer Seite im Footer, sodass Sie Ihre Einstellungen jederzeit verwalten oder widerrufen k\u00f6nnen. <\/p>\n<p class=\"tspAGen\">Kirk war bei einer Diskussionsveranstaltung auf einem Universit\u00e4tscampus im Bundesstaat Utah erschossen worden. Als mutma\u00dflicher M\u00f6rder gilt der 22-j\u00e4hrige Tyler Robinson. Ihm wird aktuell der Prozess gemacht. (jmi)<\/p>\n","protected":false},"excerpt":{"rendered":"Bei einem Auftritt auf dem \u201eAmericaFest\u201c der einst von Charlie Kirk gegr\u00fcndeten, christlich-nationalistischen Organisation Turning Point USA hat&hellip;\n","protected":false},"author":2,"featured_media":665426,"comment_status":"","ping_status":"","sticky":false,"template":"","format":"standard","meta":{"footnotes":""},"categories":[155],"tags":[29,106,214,30,2847,215,64],"class_list":{"0":"post-665425","1":"post","2":"type-post","3":"status-publish","4":"format-standard","5":"has-post-thumbnail","7":"category-unterhaltung","8":"tag-deutschland","9":"tag-donald-trump","10":"tag-entertainment","11":"tag-germany","12":"tag-kalifornien","13":"tag-unterhaltung","14":"tag-usa"},"share_on_mastodon":{"url":"https:\/\/pubeurope.com\/@de\/115765803083251842","error":""},"_links":{"self":[{"href":"https:\/\/www.europesays.com\/de\/wp-json\/wp\/v2\/posts\/665425","targetHints":{"allow":["GET"]}}],"collection":[{"href":"https:\/\/www.europesays.com\/de\/wp-json\/wp\/v2\/posts"}],"about":[{"href":"https:\/\/www.europesays.com\/de\/wp-json\/wp\/v2\/types\/post"}],"author":[{"embeddable":true,"href":"https:\/\/www.europesays.com\/de\/wp-json\/wp\/v2\/users\/2"}],"replies":[{"embeddable":true,"href":"https:\/\/www.europesays.com\/de\/wp-json\/wp\/v2\/comments?post=665425"}],"version-history":[{"count":0,"href":"https:\/\/www.europesays.com\/de\/wp-json\/wp\/v2\/posts\/665425\/revisions"}],"wp:featuredmedia":[{"embeddable":true,"href":"https:\/\/www.europesays.com\/de\/wp-json\/wp\/v2\/media\/665426"}],"wp:attachment":[{"href":"https:\/\/www.europesays.com\/de\/wp-json\/wp\/v2\/media?parent=665425"}],"wp:term":[{"taxonomy":"category","embeddable":true,"href":"https:\/\/www.europesays.com\/de\/wp-json\/wp\/v2\/categories?post=665425"},{"taxonomy":"post_tag","embeddable":true,"href":"https:\/\/www.europesays.com\/de\/wp-json\/wp\/v2\/tags?post=665425"}],"curies":[{"name":"wp","href":"https:\/\/api.w.org\/{rel}","templated":true}]}}