{"id":665431,"date":"2025-12-22T23:27:17","date_gmt":"2025-12-22T23:27:17","guid":{"rendered":"https:\/\/www.europesays.com\/de\/665431\/"},"modified":"2025-12-22T23:27:17","modified_gmt":"2025-12-22T23:27:17","slug":"trumps-sondergesandter-witkoff-wird-zum-sicherheitsrisiko-und-laesst-rubio-auflaufen","status":"publish","type":"post","link":"https:\/\/www.europesays.com\/de\/665431\/","title":{"rendered":"Trumps Sondergesandter Witkoff wird zum Sicherheitsrisiko\u00a0\u2013 und l\u00e4sst Rubio auflaufen"},"content":{"rendered":"<p class=\"tspAGen tspAGeo\">Es ist ein weiteres Kapitel der vielfach chaotischen Friedensbem\u00fchungen der Trump-Regierung: Wie der <a href=\"https:\/\/www.nbcnews.com\/politics\/white-house\/sudden-trips-security-lapses-steve-witkoff-marco-rubios-clashing-diplo-rcna249464\" target=\"_blank\" rel=\"noopener\" class=\"link link--external\" data-gtm-class=\"article-text-link\" data-gtm-val=\"external\" aria-describedby=\"message-target-blank\">US-Sender NBC News<\/a> berichtet, soll es massive Spannungen zwischen Au\u00dfenminister <strong>Marco Rubio<\/strong> und dem US-Sondergesandten <a href=\"https:\/\/www.tagesspiegel.de\/internationales\/russlands-kaviar-diplomatie-witkoff-soll-trump-von-seinem-putin-besuch-delikatesse-mitgebracht-haben-15063988.html?icid=in-text-link_15075909\" class=\"link link--internal\" data-gtm-class=\"article-text-link\" data-gtm-val=\"internal\" target=\"_blank\" rel=\"noopener\">Steve Witkoff geben<\/a>. Der Konflikt ist demnach nicht nur inhaltlicher Natur \u2013 es geht auch um Zust\u00e4ndigkeiten, Alleing\u00e4nge und Sicherheitsfragen. <\/p>\n<p class=\"tspAGen\">Das \u201e<a href=\"https:\/\/www.wsj.com\/world\/putin-witkoff-russia-envoy-04da229d\" target=\"_blank\" rel=\"noopener\" class=\"link link--external\" data-gtm-class=\"article-text-link\" data-gtm-val=\"external\" aria-describedby=\"message-target-blank\">Wall Street Journal<\/a>\u201c hatte am Wochenende bereits in einer gro\u00dfen Recherche enth\u00fcllt,\u00a0dass es offenbar Russlands Pr\u00e4sident <strong>Putin pers\u00f6nlich war<\/strong>, der sich w\u00fcnschte, <strong>Witkoff m\u00f6ge die Ukraine-Verhandlungen<\/strong> auf US-Seite \u00fcbernehmen. Putin tat es laut der Recherche in der Hoffnung, <strong>diesen manipulieren<\/strong> und auf Russlands Seite ziehen zu k\u00f6nnen. Die Bitte um ein erstes Treffen zwischen Witkoff und Putin sei demnach im Fr\u00fchjahr vom saudischen Kronprinz Mohammed bin Salman \u00fcbermittelt worden. <\/p>\n<p class=\"tspAGen\">Witkoffs Konflikt mit Rubio soll sich wiederum im November anl\u00e4sslich des <a href=\"https:\/\/www.tagesspiegel.de\/internationales\/28-punkte-ganz-im-sinne-russlands-wenn-dilettantismus-und-desinteresse-brandgefahrlich-werden-14920508.html?icid=in-text-link_15075909\" class=\"link link--internal\" data-gtm-class=\"article-text-link\" data-gtm-val=\"internal\" target=\"_blank\" rel=\"noopener\">28-Punkte-Plans f\u00fcr einen Frieden in der Ukraine<\/a> zugespitzt haben. Der von Witkoff und Trumps Schwiegersohn Jared Kushner entworfene \u201eFriedensplan\u201c war an einem Donnerstag <a href=\"https:\/\/www.tagesspiegel.de\/internationales\/verstorend-komplette-kapitulation-inakzeptabel-das-sind-die-wichtigsten-reaktionen-auf-den-angeblichen-ukraine-friedensplan-14892023.html?icid=in-text-link_15075909\" class=\"link link--internal\" data-gtm-class=\"article-text-link\" data-gtm-val=\"internal\" target=\"_blank\" rel=\"noopener\">an die \u00d6ffentlichkeit gekommen<\/a>. Der Plan war nach einem Treffen mit dem russischen Unterh\u00e4ndler Kirill Dimitriew entstanden und hatte gro\u00dfe \u00dcbereinstimmungen mit einem Friedensplan, der im Umfeld des Kreml entstand. <\/p>\n<p> W\u00e4hrend Rubio auf einer Hochzeit verweilte, reiste Witkoff eigenm\u00e4chtig nach Genf <\/p>\n<p class=\"tspAGen\">Marco Rubio verweilte den folgenden Samstag als Gast bei einer privaten Hochzeit im US-Bundesstaat North Carolina, an der seine T\u00f6chter als Brautjungfern teilnahmen. Kurz darauf sollte Rubio, der auch Nationaler Sicherheitsberater ist, an Friedensgespr\u00e4chen mit ukrainischen und europ\u00e4ischen Vertretern in Genf partizipieren. Doch w\u00e4hrend der Hochzeit erfuhr Rubio, dass Witkoff vorzeitig nach Genf gereist war, ohne das Au\u00dfenministerium zu informieren. <\/p>\n<p class=\"tspAGen\">Mehrere US-Beamte werteten dies als Versuch, Rubio zu umgehen und eigenst\u00e4ndig mit der Ukraine zu verhandeln. Rubio reagierte hektisch, reiste ebenfalls nach Genf und verhinderte damit, dass Witkoff allein Gespr\u00e4che f\u00fchrte. In Genf gelang es Rubio wiederum, den 28-Punkte-Plan zu entsch\u00e4rfen. <\/p>\n<p> Mehr zum Thema <a href=\"https:\/\/www.tagesspiegel.de\/internationales\/wochenlanges-chaos-und-missverstandnisse-wo-die-ukraine-verhandlungen-tatsachlich-stehen-15037311.html?icid=topic-list_15075909___\" data-gtm-class=\"article-mzt-link\" data-hydrate-fingerprint=\"09740a54944caac75fd2c0c63fd5c5df\" data-hydrate-props=\"{&amp;escapedquot;element&amp;escapedquot;:{&amp;escapedquot;type&amp;escapedquot;:&amp;escapedquot;relatedContent&amp;escapedquot;,&amp;escapedquot;fieldMap&amp;escapedquot;:{},&amp;escapedquot;relation&amp;escapedquot;:{&amp;escapedquot;fields&amp;escapedquot;:{&amp;escapedquot;isPaid&amp;escapedquot;:false},&amp;escapedquot;href&amp;escapedquot;:&amp;escapedquot;\/internationales\/wochenlanges-chaos-und-missverstandnisse-wo-die-ukraine-verhandlungen-tatsachlich-stehen-15037311.html&amp;escapedquot;,&amp;escapedquot;teaserTitle&amp;escapedquot;:{&amp;escapedquot;kicker&amp;escapedquot;:&amp;escapedquot;Wochenlanges Chaos und Missverst\u00e4ndnisse&amp;escapedquot;,&amp;escapedquot;headline&amp;escapedquot;:&amp;escapedquot;Wo die Ukraine-Verhandlungen tats\u00e4chlich stehen&amp;escapedquot;},&amp;escapedquot;id&amp;escapedquot;:&amp;escapedquot;15037311&amp;escapedquot;,&amp;escapedquot;type&amp;escapedquot;:&amp;escapedquot;story&amp;escapedquot;},&amp;escapedquot;isPartOfList&amp;escapedquot;:true,&amp;escapedquot;topicListType&amp;escapedquot;:&amp;escapedquot;topic-list&amp;escapedquot;},&amp;escapedquot;showArrow&amp;escapedquot;:true}\" data-hydrate-slots=\"{&#039;default&#039;:[]}\" class=\"tspBTll\" target=\"_blank\" rel=\"noopener\">Wochenlanges Chaos und Missverst\u00e4ndnisse Wo die Ukraine-Verhandlungen tats\u00e4chlich stehen <\/a><a href=\"https:\/\/www.tagesspiegel.de\/internationales\/sie-spielen-spielchen-merz-und-macron-misstrauen-us-verhandlern-bei-ukraine-friedensgesprachen-offenbar-zutiefst-15018151.html?icid=topic-list_15075909___\" data-gtm-class=\"article-mzt-link\" data-hydrate-fingerprint=\"09740a54944caac75fd2c0c63fd5c5df\" data-hydrate-props=\"{&amp;escapedquot;element&amp;escapedquot;:{&amp;escapedquot;type&amp;escapedquot;:&amp;escapedquot;relatedContent&amp;escapedquot;,&amp;escapedquot;fieldMap&amp;escapedquot;:{},&amp;escapedquot;relation&amp;escapedquot;:{&amp;escapedquot;fields&amp;escapedquot;:{&amp;escapedquot;isPaid&amp;escapedquot;:null},&amp;escapedquot;href&amp;escapedquot;:&amp;escapedquot;\/internationales\/sie-spielen-spielchen-merz-und-macron-misstrauen-us-verhandlern-bei-ukraine-friedensgesprachen-offenbar-zutiefst-15018151.html&amp;escapedquot;,&amp;escapedquot;teaserTitle&amp;escapedquot;:{&amp;escapedquot;kicker&amp;escapedquot;:&amp;escapedquot;\u201eSie spielen Spielchen\u201c&amp;escapedquot;,&amp;escapedquot;headline&amp;escapedquot;:&amp;escapedquot;Merz und Macron misstrauen US-Verhandlern bei Ukraine-Friedensgespr\u00e4chen offenbar zutiefst&amp;escapedquot;},&amp;escapedquot;id&amp;escapedquot;:&amp;escapedquot;15018151&amp;escapedquot;,&amp;escapedquot;type&amp;escapedquot;:&amp;escapedquot;story&amp;escapedquot;},&amp;escapedquot;isPartOfList&amp;escapedquot;:true,&amp;escapedquot;topicListType&amp;escapedquot;:&amp;escapedquot;topic-list&amp;escapedquot;},&amp;escapedquot;showArrow&amp;escapedquot;:true}\" data-hydrate-slots=\"{&#039;default&#039;:[]}\" class=\"tspBTll\" target=\"_blank\" rel=\"noopener\">\u201eSie spielen Spielchen\u201c Merz und Macron misstrauen US-Verhandlern bei Ukraine-Friedensgespr\u00e4chen offenbar zutiefst <\/a><a href=\"https:\/\/www.tagesspiegel.de\/internationales\/vance-und-rubio-im-zentrum-mit-der-ukraine-frage-bricht-der-machtkampf-um-trumps-nachfolge-aus-14937062.html?icid=topic-list_15075909___\" data-gtm-class=\"article-mzt-link\" data-hydrate-fingerprint=\"09740a54944caac75fd2c0c63fd5c5df\" data-hydrate-props=\"{&amp;escapedquot;element&amp;escapedquot;:{&amp;escapedquot;type&amp;escapedquot;:&amp;escapedquot;relatedContent&amp;escapedquot;,&amp;escapedquot;fieldMap&amp;escapedquot;:{},&amp;escapedquot;relation&amp;escapedquot;:{&amp;escapedquot;fields&amp;escapedquot;:{&amp;escapedquot;isPaid&amp;escapedquot;:null},&amp;escapedquot;href&amp;escapedquot;:&amp;escapedquot;\/internationales\/vance-und-rubio-im-zentrum-mit-der-ukraine-frage-bricht-der-machtkampf-um-trumps-nachfolge-aus-14937062.html&amp;escapedquot;,&amp;escapedquot;teaserTitle&amp;escapedquot;:{&amp;escapedquot;kicker&amp;escapedquot;:&amp;escapedquot;Vance und Rubio im Fokus&amp;escapedquot;,&amp;escapedquot;headline&amp;escapedquot;:&amp;escapedquot;Mit der Ukraine-Frage bricht nun der Machtkampf um Trumps Nachfolge aus&amp;escapedquot;},&amp;escapedquot;id&amp;escapedquot;:&amp;escapedquot;14937062&amp;escapedquot;,&amp;escapedquot;type&amp;escapedquot;:&amp;escapedquot;story&amp;escapedquot;},&amp;escapedquot;isPartOfList&amp;escapedquot;:true,&amp;escapedquot;topicListType&amp;escapedquot;:&amp;escapedquot;topic-list&amp;escapedquot;},&amp;escapedquot;showArrow&amp;escapedquot;:true}\" data-hydrate-slots=\"{&#039;default&#039;:[]}\" class=\"tspBTll\" target=\"_blank\" rel=\"noopener\">Vance und Rubio im Fokus Mit der Ukraine-Frage bricht nun der Machtkampf um Trumps Nachfolge aus <\/a><\/p>\n<p class=\"tspAGen\">Mehr als ein Dutzend aktueller und ehemaliger US- sowie europ\u00e4ischer Regierungsvertreter berichten gegen\u00fcber NBC News von einem <strong>dauerhaften Zerw\u00fcrfnis zwischen Rubio und Witkoff<\/strong>. Seit Monaten soll Witkoff wiederholt versucht haben, Rubio zu umgehen \u2013 etwa mit unangek\u00fcndigten Auslandsreisen, Solo-Gespr\u00e4chen oder eigenm\u00e4chtigen Kontakten.<\/p>\n<p> Alleingang in Paris <\/p>\n<p class=\"tspAGen\">Witkoff dr\u00e4ngt im Sinne Trumps und mit <a href=\"https:\/\/www.tagesspiegel.de\/internationales\/das-ist-nicht-frieden-das-ist-geschaft-wie-sich-russland-und-die-usa-mit-dem-geheimplan-von-miami-bereichern-wollten-14989394.html?icid=in-text-link_15075909\" class=\"link link--internal\" data-gtm-class=\"article-text-link\" data-gtm-val=\"internal\" target=\"_blank\" rel=\"noopener\">Wirtschaftsinteressen im Hinterkopf<\/a> auf einen schnellen Deal mit Russland und nimmt dabei weitreichende Zugest\u00e4ndnisse der Ukraine \u2013 etwa Gebietsverluste \u2013 in Kauf. Damit ist er auch auf einer Linie mit <a href=\"https:\/\/www.tagesspiegel.de\/internationales\/vance-und-rubio-im-zentrum-mit-der-ukraine-frage-bricht-der-machtkampf-um-trumps-nachfolge-aus-14937062.html?icid=in-text-link_15075909\" class=\"link link--internal\" data-gtm-class=\"article-text-link\" data-gtm-val=\"internal\" target=\"_blank\" rel=\"noopener\">Vizepr\u00e4sident JD Vance<\/a>. Rubio pl\u00e4diert dagegen f\u00fcr st\u00e4rkeren Druck auf Russland und Sicherheitsgarantien f\u00fcr Kiew. Diese Linie deckt sich weitgehend mit der Haltung der europ\u00e4ischen Verb\u00fcndeten.<\/p>\n<p class=\"tspAGen\">Alexander Vershbow, ehemaliger US-Botschafter bei der NATO, spricht von einer gef\u00e4hrlichen Uneinigkeit: \u201eOhne gemeinsames Verst\u00e4ndnis \u00fcber Gegner und Ziele kann erfolgreiche Diplomatie kaum gelingen\u201c, zitiert ihn NBC. Offiziell weist das US-Au\u00dfenministerium die Berichte \u00fcber einen Konflikt zur\u00fcck. Sprecher Tommy Pigott erkl\u00e4rte, Rubio und Witkoff seien eng abgestimmt, pers\u00f6nliche Freunde und vollst\u00e4ndig auf Trumps Kurs eingeschworen. Auch Rubio selbst betonte am Freitag bei einer Pressekonferenz \u00f6ffentlich, es gebe keine unkoordinierten Alleing\u00e4nge und lobte Witkoff als hochkompetenten Verhandler.<\/p>\n<p class=\"tspA0hw\">Empfohlener redaktioneller Inhalt<\/p>\n<p> An dieser Stelle finden Sie einen von unseren Redakteuren ausgew\u00e4hlten, externen Inhalt, der den Artikel f\u00fcr Sie mit zus\u00e4tzlichen Informationen anreichert. Sie k\u00f6nnen sich hier den externen Inhalt mit einem Klick anzeigen lassen oder wieder ausblenden. <\/p>\n<p> Externen Inhalt anzeigen <\/p>\n<p class=\"tspA0h2\"> Ich bin damit einverstanden, dass mir der externe Inhalt angezeigt wird. Damit k\u00f6nnen personenbezogene Daten an Drittplattformen \u00fcbermittelt werden.  Mehr Informationen dazu erhalten Sie in den Datenschutz-Einstellungen. Diese finden Sie ganz unten auf unserer Seite im Footer, sodass Sie Ihre Einstellungen jederzeit verwalten oder widerrufen k\u00f6nnen. <\/p>\n<p class=\"tspAGen\">Dennoch zeichnen interne Berichte ein anderes Bild. Kritiker innerhalb und au\u00dferhalb der Regierung halten Witkoff f\u00fcr diplomatisch unerfahren und<strong> zu leichtgl\u00e4ubig gegen\u00fcber Zusicherungen aus Moskau<\/strong>. Ein Kongressmitarbeiter bezeichnete ihn sogar als \u201e<strong>Geschenk f\u00fcr die Russen<\/strong>\u201c.<\/p>\n<p class=\"tspAGen\">Schon im April kam es laut NBC zu einem Witkoffschen Alleingang. Damals sollte Rubio an Ukraine\u2011Gespr\u00e4chen in Paris teilnehmen, erfuhr jedoch kurzfristig, dass Witkoff sich ein Einzelgespr\u00e4ch mit Pr\u00e4sident Emmanuel Macron organisiert hatte \u2013 ohne Rubio. Der bat die Franzosen, bei dem Gespr\u00e4ch dabei sein zu k\u00f6nnen, doch diese verwiesen ihn an Witkoff. Dieser war zun\u00e4chst f\u00fcr Rubio nicht zu erreichen, akzeptierte schlie\u00dflich aber, dass der Minister ebenfalls mit Macron sprach. <\/p>\n<p> Massive Sicherheitsbedenken gegen\u00fcber Witkoff <\/p>\n<p class=\"tspAGen\">Neben politischen Differenzen gibt es laut NBC News auch massive Sicherheitsbedenken. Mehrere US-Beamte \u00e4u\u00dferten Zweifel an <strong>Witkoffs Umgang mit sensibler Kommunikation<\/strong> \u2013 insbesondere da er teilweise mit seinem <strong>eigenen Privatjet<\/strong> zu den hochrangigen Treffen reist. Auch begleite ihn mitunter seine Freundin Lauren Olaya auf den Reisen. Witkoff soll laut \u201eWall Street Journal\u201c auch eine CIA-Schulung f\u00fcr den Umgang mit diversen geheimdienstlichen Fallen in Moskau abgelehnt haben. <\/p>\n<p class=\"tspA0hw\">Empfohlener redaktioneller Inhalt<\/p>\n<p> An dieser Stelle finden Sie einen von unseren Redakteuren ausgew\u00e4hlten, externen Inhalt, der den Artikel f\u00fcr Sie mit zus\u00e4tzlichen Informationen anreichert. Sie k\u00f6nnen sich hier den externen Inhalt mit einem Klick anzeigen lassen oder wieder ausblenden. <\/p>\n<p> Externen Inhalt anzeigen <\/p>\n<p class=\"tspA0h2\"> Ich bin damit einverstanden, dass mir der externe Inhalt angezeigt wird. Damit k\u00f6nnen personenbezogene Daten an Drittplattformen \u00fcbermittelt werden.  Mehr Informationen dazu erhalten Sie in den Datenschutz-Einstellungen. Diese finden Sie ganz unten auf unserer Seite im Footer, sodass Sie Ihre Einstellungen jederzeit verwalten oder widerrufen k\u00f6nnen. <\/p>\n<p class=\"tspAGen\">Das Au\u00dfenministerium habe wiederum eine interne \u00dcberpr\u00fcfung durchgef\u00fchrt und Witkoff zus\u00e4tzliche gesicherte Kommunikationsmittel zur Verf\u00fcgung gestellt. Es bestehen weiterhin Zweifel, ob diese konsequent genutzt werden.<\/p>\n<p class=\"tspAGen\">Brisant ist in diesem Zusammenhang die j\u00fcngste Ver\u00f6ffentlichung eines <a href=\"https:\/\/www.tagesspiegel.de\/internationales\/umstrittener-us-gesandter-witkoff-er-steht-auf-der-seite-auf-der-auch-trump-steht--russlands-seite-14953760.html?icid=in-text-link_15075909\" class=\"link link--internal\" data-gtm-class=\"article-text-link\" data-gtm-val=\"internal\" target=\"_blank\" rel=\"noopener\">Gespr\u00e4chsprotokolls<\/a> zwischen Witkoff und Putins au\u00dfenpolitischem Berater Juri Uschakow. Darin gab Witkoff strategische Ratschl\u00e4ge f\u00fcr ein Telefonat zwischen Trump und Putin. Witkoffs Schlampigkeit beim Abh\u00f6rschutz w\u00fcrde erkl\u00e4ren, wie dieses Gespr\u00e4ch an die \u00d6ffentlichkeit gelangen konnte. Zus\u00e4tzlich r\u00e4umte Uschakow ein, Witkoff auch \u00fcber WhatsApp kontaktiert zu haben \u2013 ein Umstand, der Sicherheitsexperten ebenfalls alarmiert.<\/p>\n<p class=\"tspAGen\">Am vergangenen Wochenende trafen sich Witkoff und Rubio <a href=\"https:\/\/www.axios.com\/2025\/12\/22\/ukraine-gaza-meetings-witkoff-golf-club\" target=\"_blank\" rel=\"noopener\" class=\"link link--external\" data-gtm-class=\"article-text-link\" data-gtm-val=\"external\" aria-describedby=\"message-target-blank\">in Florida<\/a> gemeinsam mit Vertretern der Ukraine und Europas zu weiteren Gespr\u00e4chen. Der Treffpunkt befand sich eine halbe Stunde n\u00f6rdlich von Miami Beach, <strong>in Witkoffs \u201eShell Bay\u201c Golfklub<\/strong>. Russlands Unterh\u00e4ndler Kirill Dimitriew reiste ebenfalls an und traf sich am Samstag mit Witkoff und Trumps Schwiegersohn Jared Kushner. <a href=\"https:\/\/x.com\/SEPeaceMissions\/status\/2002876838448697741\" target=\"_blank\" rel=\"noopener\" class=\"link link--external\" data-gtm-class=\"article-text-link\" data-gtm-val=\"external\" aria-describedby=\"message-target-blank\">Rubio war bei diesem Gespr\u00e4ch nicht dabei<\/a>. <\/p>\n","protected":false},"excerpt":{"rendered":"Es ist ein weiteres Kapitel der vielfach chaotischen Friedensbem\u00fchungen der Trump-Regierung: Wie der US-Sender NBC News berichtet, soll&hellip;\n","protected":false},"author":2,"featured_media":665432,"comment_status":"","ping_status":"","sticky":false,"template":"","format":"standard","meta":{"footnotes":""},"categories":[3],"tags":[106,13,14,15,307,12,10,8,9,11,317,103,306,104],"class_list":{"0":"post-665431","1":"post","2":"type-post","3":"status-publish","4":"format-standard","5":"has-post-thumbnail","7":"category-welt","8":"tag-donald-trump","9":"tag-headlines","10":"tag-nachrichten","11":"tag-news","12":"tag-russland","13":"tag-schlagzeilen","14":"tag-top-news","15":"tag-top-meldungen","16":"tag-topmeldungen","17":"tag-topnews","18":"tag-ukraine","19":"tag-welt","20":"tag-wladimir-putin","21":"tag-world"},"share_on_mastodon":{"url":"https:\/\/pubeurope.com\/@de\/115765814631934478","error":""},"_links":{"self":[{"href":"https:\/\/www.europesays.com\/de\/wp-json\/wp\/v2\/posts\/665431","targetHints":{"allow":["GET"]}}],"collection":[{"href":"https:\/\/www.europesays.com\/de\/wp-json\/wp\/v2\/posts"}],"about":[{"href":"https:\/\/www.europesays.com\/de\/wp-json\/wp\/v2\/types\/post"}],"author":[{"embeddable":true,"href":"https:\/\/www.europesays.com\/de\/wp-json\/wp\/v2\/users\/2"}],"replies":[{"embeddable":true,"href":"https:\/\/www.europesays.com\/de\/wp-json\/wp\/v2\/comments?post=665431"}],"version-history":[{"count":0,"href":"https:\/\/www.europesays.com\/de\/wp-json\/wp\/v2\/posts\/665431\/revisions"}],"wp:featuredmedia":[{"embeddable":true,"href":"https:\/\/www.europesays.com\/de\/wp-json\/wp\/v2\/media\/665432"}],"wp:attachment":[{"href":"https:\/\/www.europesays.com\/de\/wp-json\/wp\/v2\/media?parent=665431"}],"wp:term":[{"taxonomy":"category","embeddable":true,"href":"https:\/\/www.europesays.com\/de\/wp-json\/wp\/v2\/categories?post=665431"},{"taxonomy":"post_tag","embeddable":true,"href":"https:\/\/www.europesays.com\/de\/wp-json\/wp\/v2\/tags?post=665431"}],"curies":[{"name":"wp","href":"https:\/\/api.w.org\/{rel}","templated":true}]}}