{"id":665529,"date":"2025-12-23T00:22:14","date_gmt":"2025-12-23T00:22:14","guid":{"rendered":"https:\/\/www.europesays.com\/de\/665529\/"},"modified":"2025-12-23T00:22:14","modified_gmt":"2025-12-23T00:22:14","slug":"stadt-will-neue-ampel-fuer-die-harffstrasse-in-wersten-pruefen","status":"publish","type":"post","link":"https:\/\/www.europesays.com\/de\/665529\/","title":{"rendered":"Stadt will neue Ampel f\u00fcr die Harffstra\u00dfe in Wersten pr\u00fcfen"},"content":{"rendered":"<p class=\"text_ohne_einzug richtext text-em-55 !leading-serif mx-6 desktop:mx-0\">  An der Harffstra\u00dfe befinden sich mit dem Kaufhaus Wertvoll der <a href=\"https:\/\/rp-online.de\/thema\/caritas\/\" rel=\"nofollow noopener\" target=\"_blank\">Caritas<\/a>, dem gro\u00dfen Edeka-Center oder der Classic Remise gleich mehrere Einrichtungen, die ein gro\u00dfes Publikum anziehen. Weiter \u00fcberqueren vor Ort auch einige Kinder die Stra\u00dfe, um beispielsweise auf dem Bolzplatz in H\u00f6he der Hausnummer 59 in Wersten Fu\u00dfball zu spielen. Auf Antrag der <a href=\"https:\/\/rp-online.de\/thema\/spd\/\" rel=\"nofollow noopener\" target=\"_blank\">SPD<\/a> im Stadts\u00fcden hatten die Mitglieder der Bezirksvertretung 9 bereits vor einiger Zeit die Verwaltung darum gebeten, einen weiteren Zebrastreifen zu errichten. Nun gab es eine Antwort der Landeshauptstadt.<\/p>\n","protected":false},"excerpt":{"rendered":"An der Harffstra\u00dfe befinden sich mit dem Kaufhaus Wertvoll der Caritas, dem gro\u00dfen Edeka-Center oder der Classic Remise&hellip;\n","protected":false},"author":2,"featured_media":665530,"comment_status":"","ping_status":"","sticky":false,"template":"","format":"standard","meta":{"footnotes":""},"categories":[1831],"tags":[61935,9047,10339,9511,20151,105033,3364,29,3405,23518,41477,30,144647,1209,524,147253,17549,21535],"class_list":{"0":"post-665529","1":"post","2":"type-post","3":"status-publish","4":"format-standard","5":"has-post-thumbnail","7":"category-duesseldorf","8":"tag-abschnitt","9":"tag-ampel","10":"tag-antrag","11":"tag-antraege","12":"tag-bezirksvertretung","13":"tag-bruchhausenstrasse","14":"tag-de","15":"tag-deutschland","16":"tag-duesseldorf","17":"tag-einrichtung","18":"tag-gebeten","19":"tag-germany","20":"tag-harffstrasse","21":"tag-nordrhein-westfalen","22":"tag-strasse","23":"tag-strassenabschnitt","24":"tag-wersten","25":"tag-zebrastreifen"},"share_on_mastodon":{"url":"https:\/\/pubeurope.com\/@de\/115766030913275265","error":""},"_links":{"self":[{"href":"https:\/\/www.europesays.com\/de\/wp-json\/wp\/v2\/posts\/665529","targetHints":{"allow":["GET"]}}],"collection":[{"href":"https:\/\/www.europesays.com\/de\/wp-json\/wp\/v2\/posts"}],"about":[{"href":"https:\/\/www.europesays.com\/de\/wp-json\/wp\/v2\/types\/post"}],"author":[{"embeddable":true,"href":"https:\/\/www.europesays.com\/de\/wp-json\/wp\/v2\/users\/2"}],"replies":[{"embeddable":true,"href":"https:\/\/www.europesays.com\/de\/wp-json\/wp\/v2\/comments?post=665529"}],"version-history":[{"count":0,"href":"https:\/\/www.europesays.com\/de\/wp-json\/wp\/v2\/posts\/665529\/revisions"}],"wp:featuredmedia":[{"embeddable":true,"href":"https:\/\/www.europesays.com\/de\/wp-json\/wp\/v2\/media\/665530"}],"wp:attachment":[{"href":"https:\/\/www.europesays.com\/de\/wp-json\/wp\/v2\/media?parent=665529"}],"wp:term":[{"taxonomy":"category","embeddable":true,"href":"https:\/\/www.europesays.com\/de\/wp-json\/wp\/v2\/categories?post=665529"},{"taxonomy":"post_tag","embeddable":true,"href":"https:\/\/www.europesays.com\/de\/wp-json\/wp\/v2\/tags?post=665529"}],"curies":[{"name":"wp","href":"https:\/\/api.w.org\/{rel}","templated":true}]}}