{"id":665562,"date":"2025-12-23T00:43:14","date_gmt":"2025-12-23T00:43:14","guid":{"rendered":"https:\/\/www.europesays.com\/de\/665562\/"},"modified":"2025-12-23T00:43:14","modified_gmt":"2025-12-23T00:43:14","slug":"dieser-lavanttaler-architekt-wurde-in-graz-geehrt","status":"publish","type":"post","link":"https:\/\/www.europesays.com\/de\/665562\/","title":{"rendered":"Dieser Lavanttaler Architekt wurde in Graz geehrt"},"content":{"rendered":"<p>Anl\u00e4sslich seines 25-Jahr-Jubil\u00e4ums als selbstst\u00e4ndiger Architekt wurde <a href=\"https:\/\/www.kleinezeitung.at\/kaernten\/lavanttal\/17868823\/lavanttaler-architekt-hat-bisher-ueber-500-millionen-euro-verbaut\" target=\"_blank\" rel=\"nofollow noopener\">Heinz Petschenig<\/a> (59) k\u00fcrzlich von der Architektenkammer in Graz geehrt. <\/p>\n<p>&#13;<br \/>\n                Dieser Inhalt ist exklusiv f\u00fcr Digitalabonnent:innen der Kleinen Zeitung.&#13;\n              <\/p>\n<p>&#13;<br \/>\n                Leider lassen Ihre derzeitigen Cookie-Einstellungen den Login und damit eine \u00dcberpr\u00fcfung Ihres Abo-Status nicht zu. Eine Darstellung des Inhalts ist dadurch nicht m\u00f6glich.&#13;\n              <\/p>\n<p>&#13;<br \/>\n                Wir verwenden f\u00fcr die Benutzerverwaltung Services unseres Dienstleisters Piano Software Inc. (&#8222;Piano&#8220;).&#13;<br \/>\n                Dabei kommen Technologien wie Cookies zum Einsatz, die f\u00fcr die Einrichtung, Nutzung und Verwaltung Ihres Benutzerkontos unbedingt notwendig sind.&#13;<br \/>\n                Mit Klick auf &#8222;Angemeldet bleiben&#8220; aktivieren Sie zu diesem Zweck die Verwendung von Piano und es werden \u00fcber Ihren Browser Informationen (darunter auch personenbezogene Daten) verarbeitet.&#13;\n              <\/p>\n<p>&#13;<br \/>\n                Die Datenschutzinformation von Kleine Zeitung k\u00f6nnen Sie <a href=\"https:\/\/www.kleinezeitung.at\/dsi\" rel=\"nofollow noopener\" target=\"_blank\">hier<\/a> einsehen.&#13;\n              <\/p>\n<p>              &#13;<br \/>\n                Angemeldet bleiben&#13;<\/p>\n","protected":false},"excerpt":{"rendered":"Anl\u00e4sslich seines 25-Jahr-Jubil\u00e4ums als selbstst\u00e4ndiger Architekt wurde Heinz Petschenig (59) k\u00fcrzlich von der Architektenkammer in Graz geehrt. &#13;&hellip;\n","protected":false},"author":2,"featured_media":665563,"comment_status":"","ping_status":"","sticky":false,"template":"","format":"standard","meta":{"footnotes":""},"categories":[1775],"tags":[1793,29,214,30,1794,215],"class_list":{"0":"post-665562","1":"post","2":"type-post","3":"status-publish","4":"format-standard","5":"has-post-thumbnail","7":"category-kunst-und-design","8":"tag-art-and-design","9":"tag-deutschland","10":"tag-entertainment","11":"tag-germany","12":"tag-kunst-und-design","13":"tag-unterhaltung"},"share_on_mastodon":{"url":"https:\/\/pubeurope.com\/@de\/115766113308342599","error":""},"_links":{"self":[{"href":"https:\/\/www.europesays.com\/de\/wp-json\/wp\/v2\/posts\/665562","targetHints":{"allow":["GET"]}}],"collection":[{"href":"https:\/\/www.europesays.com\/de\/wp-json\/wp\/v2\/posts"}],"about":[{"href":"https:\/\/www.europesays.com\/de\/wp-json\/wp\/v2\/types\/post"}],"author":[{"embeddable":true,"href":"https:\/\/www.europesays.com\/de\/wp-json\/wp\/v2\/users\/2"}],"replies":[{"embeddable":true,"href":"https:\/\/www.europesays.com\/de\/wp-json\/wp\/v2\/comments?post=665562"}],"version-history":[{"count":0,"href":"https:\/\/www.europesays.com\/de\/wp-json\/wp\/v2\/posts\/665562\/revisions"}],"wp:featuredmedia":[{"embeddable":true,"href":"https:\/\/www.europesays.com\/de\/wp-json\/wp\/v2\/media\/665563"}],"wp:attachment":[{"href":"https:\/\/www.europesays.com\/de\/wp-json\/wp\/v2\/media?parent=665562"}],"wp:term":[{"taxonomy":"category","embeddable":true,"href":"https:\/\/www.europesays.com\/de\/wp-json\/wp\/v2\/categories?post=665562"},{"taxonomy":"post_tag","embeddable":true,"href":"https:\/\/www.europesays.com\/de\/wp-json\/wp\/v2\/tags?post=665562"}],"curies":[{"name":"wp","href":"https:\/\/api.w.org\/{rel}","templated":true}]}}