{"id":665584,"date":"2025-12-23T00:56:11","date_gmt":"2025-12-23T00:56:11","guid":{"rendered":"https:\/\/www.europesays.com\/de\/665584\/"},"modified":"2025-12-23T00:56:11","modified_gmt":"2025-12-23T00:56:11","slug":"weihnachtssingen-im-sparkassen-eisdom-groesster-festchor-in-halle","status":"publish","type":"post","link":"https:\/\/www.europesays.com\/de\/665584\/","title":{"rendered":"Weihnachtssingen im Sparkassen-Eisdom: Gr\u00f6\u00dfter Festchor in Halle"},"content":{"rendered":"<p>Weihnachtssingen im Sparkassen-Eisdom\u00a0Gr\u00f6\u00dfter Festchor in Halle &#8211; Mehr als 3.200 Menschen singen gemeinsam Weihnachtslieder<\/p>\n<p class=\"fp-article-heading__excerpt text-lg\">Sind die Lichter angez\u00fcndet, Freude im Advent, Jingle Bells und Stille Nacht: Die Premiere des Weihnachts(mit)singens im halleschen Eisdom war ein voller Erfolg. Welche Pl\u00e4ne die Veranstalter f\u00fcr 2026 haben.<\/p>\n<p>Von  Katja Pausch Aktualisiert: 23.12.2025, 01:53<\/p>\n","protected":false},"excerpt":{"rendered":"Weihnachtssingen im Sparkassen-Eisdom\u00a0Gr\u00f6\u00dfter Festchor in Halle &#8211; Mehr als 3.200 Menschen singen gemeinsam Weihnachtslieder Sind die Lichter angez\u00fcndet,&hellip;\n","protected":false},"author":2,"featured_media":665585,"comment_status":"","ping_status":"","sticky":false,"template":"","format":"standard","meta":{"footnotes":""},"categories":[1860],"tags":[3364,29,548,663,3934,30,4062,17332,13,14,15,17331,860,12],"class_list":{"0":"post-665584","1":"post","2":"type-post","3":"status-publish","4":"format-standard","5":"has-post-thumbnail","7":"category-halle-saale","8":"tag-de","9":"tag-deutschland","10":"tag-eu","11":"tag-europa","12":"tag-europe","13":"tag-germany","14":"tag-halle","15":"tag-halle-saale","16":"tag-headlines","17":"tag-nachrichten","18":"tag-news","19":"tag-saale","20":"tag-sachsen-anhalt","21":"tag-schlagzeilen"},"share_on_mastodon":{"url":"https:\/\/pubeurope.com\/@de\/115766164558171964","error":""},"_links":{"self":[{"href":"https:\/\/www.europesays.com\/de\/wp-json\/wp\/v2\/posts\/665584","targetHints":{"allow":["GET"]}}],"collection":[{"href":"https:\/\/www.europesays.com\/de\/wp-json\/wp\/v2\/posts"}],"about":[{"href":"https:\/\/www.europesays.com\/de\/wp-json\/wp\/v2\/types\/post"}],"author":[{"embeddable":true,"href":"https:\/\/www.europesays.com\/de\/wp-json\/wp\/v2\/users\/2"}],"replies":[{"embeddable":true,"href":"https:\/\/www.europesays.com\/de\/wp-json\/wp\/v2\/comments?post=665584"}],"version-history":[{"count":0,"href":"https:\/\/www.europesays.com\/de\/wp-json\/wp\/v2\/posts\/665584\/revisions"}],"wp:featuredmedia":[{"embeddable":true,"href":"https:\/\/www.europesays.com\/de\/wp-json\/wp\/v2\/media\/665585"}],"wp:attachment":[{"href":"https:\/\/www.europesays.com\/de\/wp-json\/wp\/v2\/media?parent=665584"}],"wp:term":[{"taxonomy":"category","embeddable":true,"href":"https:\/\/www.europesays.com\/de\/wp-json\/wp\/v2\/categories?post=665584"},{"taxonomy":"post_tag","embeddable":true,"href":"https:\/\/www.europesays.com\/de\/wp-json\/wp\/v2\/tags?post=665584"}],"curies":[{"name":"wp","href":"https:\/\/api.w.org\/{rel}","templated":true}]}}