{"id":665620,"date":"2025-12-23T01:18:15","date_gmt":"2025-12-23T01:18:15","guid":{"rendered":"https:\/\/www.europesays.com\/de\/665620\/"},"modified":"2025-12-23T01:18:15","modified_gmt":"2025-12-23T01:18:15","slug":"groenland-debatte-trump-bringt-russland-und-china-ins-spiel","status":"publish","type":"post","link":"https:\/\/www.europesays.com\/de\/665620\/","title":{"rendered":"Gr\u00f6nland-Debatte: Trump bringt Russland und China ins Spiel"},"content":{"rendered":"<p>Washington (dpa) &#8211; Pr\u00e4sident Donald Trump hat in der Debatte um umstrittene Besitzanspr\u00fcche der USA an Gr\u00f6nland eine Verbindung zu Russland und China hergestellt. Auf die Frage von Journalisten zu dem am Vortag ernannten Sondergesandten der USA f\u00fcr die zu D\u00e4nemark geh\u00f6rende Insel im Nordatlantik sagte der Republikaner: Wenn man sich Gr\u00f6nland entlang der K\u00fcste anschaue, sehe man \u00fcberall russische und chinesische Schiffe. \u00abWir brauchen Gr\u00f6nland f\u00fcr die nationale Sicherheit.\u00bb Es gehe nicht um Mineralien oder \u00d6l, davon habe die USA selbst genug.<\/p>\n<p>Trump hat seit seinem Amtsantritt im Januar immer wieder mit Hinweis auf Gr\u00fcnde der nationalen Sicherheit umstrittene Besitzanspr\u00fcche auf Gr\u00f6nland angemeldet. Die Debatte dar\u00fcber war zuletzt aber etwas abgeklungen. Nach der Ernennung des Sondergesandten hatte D\u00e4nemark prompt den amerikanischen Botschafter zu einem Gespr\u00e4ch einbestellt.<\/p>\n","protected":false},"excerpt":{"rendered":"Washington (dpa) &#8211; Pr\u00e4sident Donald Trump hat in der Debatte um umstrittene Besitzanspr\u00fcche der USA an Gr\u00f6nland eine&hellip;\n","protected":false},"author":2,"featured_media":665621,"comment_status":"","ping_status":"","sticky":false,"template":"","format":"standard","meta":{"footnotes":""},"categories":[4013],"tags":[73222,331,332,151475,13,14,15,139,4043,4044,850,307,12,64],"class_list":{"0":"post-665620","1":"post","2":"type-post","3":"status-publish","4":"format-standard","5":"has-post-thumbnail","7":"category-russland","8":"tag-dnemark","9":"tag-aktuelle-nachrichten","10":"tag-aktuelle-news","11":"tag-grnland","12":"tag-headlines","13":"tag-nachrichten","14":"tag-news","15":"tag-regierung","16":"tag-russia","17":"tag-russian-federation","18":"tag-russische-foederation","19":"tag-russland","20":"tag-schlagzeilen","21":"tag-usa"},"share_on_mastodon":{"url":"https:\/\/pubeurope.com\/@de\/115766250984946122","error":""},"_links":{"self":[{"href":"https:\/\/www.europesays.com\/de\/wp-json\/wp\/v2\/posts\/665620","targetHints":{"allow":["GET"]}}],"collection":[{"href":"https:\/\/www.europesays.com\/de\/wp-json\/wp\/v2\/posts"}],"about":[{"href":"https:\/\/www.europesays.com\/de\/wp-json\/wp\/v2\/types\/post"}],"author":[{"embeddable":true,"href":"https:\/\/www.europesays.com\/de\/wp-json\/wp\/v2\/users\/2"}],"replies":[{"embeddable":true,"href":"https:\/\/www.europesays.com\/de\/wp-json\/wp\/v2\/comments?post=665620"}],"version-history":[{"count":0,"href":"https:\/\/www.europesays.com\/de\/wp-json\/wp\/v2\/posts\/665620\/revisions"}],"wp:featuredmedia":[{"embeddable":true,"href":"https:\/\/www.europesays.com\/de\/wp-json\/wp\/v2\/media\/665621"}],"wp:attachment":[{"href":"https:\/\/www.europesays.com\/de\/wp-json\/wp\/v2\/media?parent=665620"}],"wp:term":[{"taxonomy":"category","embeddable":true,"href":"https:\/\/www.europesays.com\/de\/wp-json\/wp\/v2\/categories?post=665620"},{"taxonomy":"post_tag","embeddable":true,"href":"https:\/\/www.europesays.com\/de\/wp-json\/wp\/v2\/tags?post=665620"}],"curies":[{"name":"wp","href":"https:\/\/api.w.org\/{rel}","templated":true}]}}