{"id":665670,"date":"2025-12-23T01:55:28","date_gmt":"2025-12-23T01:55:28","guid":{"rendered":"https:\/\/www.europesays.com\/de\/665670\/"},"modified":"2025-12-23T01:55:28","modified_gmt":"2025-12-23T01:55:28","slug":"schwimmbad-fuer-den-alten-hafen","status":"publish","type":"post","link":"https:\/\/www.europesays.com\/de\/665670\/","title":{"rendered":"Schwimmbad f\u00fcr den Alten Hafen"},"content":{"rendered":"<p class=\"text_ohne_einzug richtext text-em-55 !leading-serif mx-6 desktop:mx-0\"> Das Alte Hafenbecken ist in den vergangenen Jahren immer unter seinen M\u00f6glichkeiten geblieben. Eine tote Ecke, findet auch der D\u00fcsseldorfer Architekt Ralf Breuer. Wie aber lie\u00dfe sich der Ort umnutzen, wie beleben? Breuer hat sich dar\u00fcber Gedanken gemacht. Und legt nun einen Entwurf vor: f\u00fcr eine \u00f6ffentliche Schwimm- und Badeanstalt. Arbeitstitel: \u201eHafenbad\u201c.<\/p>\n","protected":false},"excerpt":{"rendered":"Das Alte Hafenbecken ist in den vergangenen Jahren immer unter seinen M\u00f6glichkeiten geblieben. Eine tote Ecke, findet auch&hellip;\n","protected":false},"author":2,"featured_media":665671,"comment_status":"","ping_status":"","sticky":false,"template":"","format":"standard","meta":{"footnotes":""},"categories":[1831],"tags":[22166,14847,66956,3364,29,3405,11500,23518,22845,48347,30,693,155192,72458,2065,8927,155196,1209,24176,75237,14597,14431,26073,155195,265,155193,16295,52588,70564,9182,155194,13888],"class_list":{"0":"post-665670","1":"post","2":"type-post","3":"status-publish","4":"format-standard","5":"has-post-thumbnail","7":"category-duesseldorf","8":"tag-baeder","9":"tag-becken","10":"tag-breuer","11":"tag-de","12":"tag-deutschland","13":"tag-duesseldorf","14":"tag-ecke","15":"tag-einrichtung","16":"tag-entwurf","17":"tag-entwuerfe","18":"tag-germany","19":"tag-hafen","20":"tag-hafenbad","21":"tag-hafenbecken","22":"tag-innenstadt","23":"tag-innenstaedte","24":"tag-kinderbecken","25":"tag-nordrhein-westfalen","26":"tag-oeffentliche","27":"tag-schwimm","28":"tag-schwimmbad","29":"tag-schwimmbaeder","30":"tag-schwimmbecken","31":"tag-schwimmeinrichtungen","32":"tag-sport","33":"tag-sportbecken","34":"tag-sportstaette","35":"tag-sportveranstaltungen","36":"tag-sprungbecken","37":"tag-staedte","38":"tag-wasserbecken","39":"tag-wirkt"},"share_on_mastodon":{"url":"","error":""},"_links":{"self":[{"href":"https:\/\/www.europesays.com\/de\/wp-json\/wp\/v2\/posts\/665670","targetHints":{"allow":["GET"]}}],"collection":[{"href":"https:\/\/www.europesays.com\/de\/wp-json\/wp\/v2\/posts"}],"about":[{"href":"https:\/\/www.europesays.com\/de\/wp-json\/wp\/v2\/types\/post"}],"author":[{"embeddable":true,"href":"https:\/\/www.europesays.com\/de\/wp-json\/wp\/v2\/users\/2"}],"replies":[{"embeddable":true,"href":"https:\/\/www.europesays.com\/de\/wp-json\/wp\/v2\/comments?post=665670"}],"version-history":[{"count":0,"href":"https:\/\/www.europesays.com\/de\/wp-json\/wp\/v2\/posts\/665670\/revisions"}],"wp:featuredmedia":[{"embeddable":true,"href":"https:\/\/www.europesays.com\/de\/wp-json\/wp\/v2\/media\/665671"}],"wp:attachment":[{"href":"https:\/\/www.europesays.com\/de\/wp-json\/wp\/v2\/media?parent=665670"}],"wp:term":[{"taxonomy":"category","embeddable":true,"href":"https:\/\/www.europesays.com\/de\/wp-json\/wp\/v2\/categories?post=665670"},{"taxonomy":"post_tag","embeddable":true,"href":"https:\/\/www.europesays.com\/de\/wp-json\/wp\/v2\/tags?post=665670"}],"curies":[{"name":"wp","href":"https:\/\/api.w.org\/{rel}","templated":true}]}}