{"id":665720,"date":"2025-12-23T02:25:16","date_gmt":"2025-12-23T02:25:16","guid":{"rendered":"https:\/\/www.europesays.com\/de\/665720\/"},"modified":"2025-12-23T02:25:16","modified_gmt":"2025-12-23T02:25:16","slug":"bericht-apple-will-ram-inflation-durch-grosseinkauf-bei-samsung-ausgleichen","status":"publish","type":"post","link":"https:\/\/www.europesays.com\/de\/665720\/","title":{"rendered":"Bericht: Apple will RAM-Inflation durch Gro\u00dfeinkauf bei Samsung ausgleichen"},"content":{"rendered":"<p>Die aktuelle <a href=\"https:\/\/www.heise.de\/news\/Speicherkrise-und-Hyperscaler-Bis-die-Konkurrenten-in-Europa-verhungert-sind-11120872.html\" rel=\"external noopener nofollow\" target=\"_blank\">RAM-Preiskrise<\/a> betrifft auch gro\u00dfe Hersteller wie Apple. Dieses ist zwar seit langem bekannt daf\u00fcr, f\u00fcr <a href=\"https:\/\/www.heise.de\/news\/Teardown-des-Mac-mini-Apple-baut-wieder-zwei-Speicherchips-ein-10012686.html\" rel=\"external noopener nofollow\" target=\"_blank\">mehr Speicher hohe Aufschl\u00e4ge<\/a> zu verlangen, doch der Konzern m\u00f6chte seine Marge sicherlich zumindest halten \u2013 und zudem ausreichend Komponenten f\u00fcr iPhone und Co von seinen Lieferanten bekommen. Die L\u00f6sung sollen gr\u00f6\u00dfere Bestellungen beim s\u00fcdkoreanischen Produzenten Samsung Electronics sein.<\/p>\n<p>        Weiterlesen nach der Anzeige<\/p>\n<p>Das berichtet das in Seoul erscheinende Wirtschaftsblatt Korea Economic Daily (KED). Den <a href=\"https:\/\/www.hankyung.com\/article\/202512216673i\" rel=\"external noopener nofollow\" target=\"_blank\">Angaben zufolge<\/a> soll Samsungs Anteil k\u00fcnftig steigen. Das Nachsehen h\u00e4tten <a class=\"heiseplus-lnk\" href=\"https:\/\/www.heise.de\/hintergrund\/Teure-Speichermodule-Gruende-fuer-die-extremen-RAM-Preise-11109897.html\" rel=\"nofollow noopener\" target=\"_blank\">SK Hynix<\/a> und <a href=\"https:\/\/www.heise.de\/news\/Micron-verdient-sich-an-der-Speicherkrise-eine-goldene-Nase-11119644.html\" rel=\"nofollow noopener\" target=\"_blank\">Micron<\/a> \u2013 wobei diese mit RAM-Chips f\u00fcr KI-Rechner sowieso ausgelastet sind.<\/p>\n<p>Langfristige Gro\u00dfvertr\u00e4ge<\/p>\n<p>Laut KED hat Apple sich bereits auf die RAM-Krise eingestellt und schon beim aktuellen <a class=\"heiseplus-lnk\" href=\"https:\/\/www.heise.de\/tests\/iPhone-17-17-Pro-17-Pro-Max-und-Air-im-Test-10663319.html\" rel=\"nofollow noopener\" target=\"_blank\">iPhone 17<\/a> den Anteil der Samsung-Produktion auf 60 bis 70 Prozent aller darin verbauten LPDDR-Chips erh\u00f6ht. Dieser Wert solle k\u00fcnftig &#8222;signifikant&#8220; und wohl auch langfristig steigen. Beim iPhone 16 soll die Verteilung zwischen Samsung Electronics und SK Hynix noch ungef\u00e4hr gleich gewesen sein.<\/p>\n<p>Micron spielt immer weniger eine Rolle. Die Verteilung bleibt allerdings Spekulation: Apple selbst gibt diese nicht \u00f6ffentlich bekannt. W\u00e4hrend sich die Samsung-Electronics-Mutter noch mit Apple <a href=\"https:\/\/www.heise.de\/news\/Patentstreit-Apple-vs-Samsung-aussergerichtlich-beigelegt-nach-sieben-Jahren-4093598.html\" rel=\"nofollow noopener\" target=\"_blank\">in einem weltweiten Patentstreit<\/a> befand, der 2018 endete, hatte SK Hynix die Nase vorn.<\/p>\n<p>RAM-Preise mehr als verdoppelt<\/p>\n<p>Eigentlich sch\u00e4tzt es Apples Procurement-Abteilung gar nicht, stark von einem Lieferanten abh\u00e4ngig zu sein. Doch erstens verspricht sich der Konzern von der h\u00f6heren Abnahmemenge bei Samsung Electronics einen besseren Preis, zweitens setzten SK Hynix und Micron mehr und mehr auf High-Bandwith-Memory-Speicher (HBM), der ungeeignet f\u00fcr iPhone &amp; Co ist. Er ist f\u00fcr Rechenzentren und KI-Beschleuniger gedacht. Apple hat zudem ein weiteres Problem: Das Unternehmen verlangt von seinen Lieferanten stets spezielle Spezifikationen.<\/p>\n<p>        Weiterlesen nach der Anzeige<\/p>\n<p>Der LPDDR-RAM im iPhone ist also nicht von der Stange, sondern f\u00fcr den Konzern angepasst \u2013 auch um das Zusammenspiel mit Apples eigenen A-SoCs (A-series System-On-a-Chip) zu optimieren. Sch\u00e4tzungen zufolge k\u00f6nnte sich der Preis f\u00fcr ein LPDDR5X-Modul, das im iPhone 17 steckt, seit Beginn des Jahres mehr als verdoppelt haben. Apple schlie\u00dft in der Regel mehrj\u00e4hrige Liefervertr\u00e4ge, was den Preisschub zun\u00e4chst nicht sp\u00fcrbar machen d\u00fcrfte. Zuletzt hat es bei den aktuellen iPhones <a href=\"https:\/\/www.heise.de\/news\/iPhone-17-Preiserhoehung-Ist-es-vielleicht-gar-keine-10525904.html\" rel=\"nofollow noopener\" target=\"_blank\">keine gro\u00dfe Preiserh\u00f6hung<\/a> gegeben, entgegen den Erwartungen.<\/p>\n<p>(<a class=\"redakteurskuerzel__link\" href=\"https:\/\/www.heise.de\/news\/mailto:bsc@heise.de\" title=\"Ben Schwan\" rel=\"nofollow noopener\" target=\"_blank\">bsc<\/a>)<\/p>\n<p>\n      Dieser Link ist leider nicht mehr g\u00fcltig.\n    <\/p>\n<p>Links zu verschenkten Artikeln werden ung\u00fcltig,<br \/>\n      wenn diese \u00e4lter als 7\u00a0Tage sind oder zu oft aufgerufen wurden.\n    <\/p>\n<p><strong>Sie ben\u00f6tigen ein heise+ Paket, um diesen Artikel zu lesen. Jetzt eine Woche unverbindlich testen \u2013 ohne Verpflichtung!<\/strong><\/p>\n","protected":false},"excerpt":{"rendered":"Die aktuelle RAM-Preiskrise betrifft auch gro\u00dfe Hersteller wie Apple. Dieses ist zwar seit langem bekannt daf\u00fcr, f\u00fcr mehr&hellip;\n","protected":false},"author":2,"featured_media":665721,"comment_status":"","ping_status":"","sticky":false,"template":"","format":"standard","meta":{"footnotes":""},"categories":[134],"tags":[231,175,170,169,29,30,871,1274,5553,171,174,1273,44631,363,21933,173,172,55],"class_list":{"0":"post-665720","1":"post","2":"type-post","3":"status-publish","4":"format-standard","5":"has-post-thumbnail","7":"category-unternehmen-maerkte","8":"tag-apple","9":"tag-business","10":"tag-companies","11":"tag-companies-markets","12":"tag-deutschland","13":"tag-germany","14":"tag-inflation","15":"tag-ios","16":"tag-iphone","17":"tag-markets","18":"tag-maerkte","19":"tag-mobiles","20":"tag-ram","21":"tag-samsung","22":"tag-speicher","23":"tag-unternehmen","24":"tag-unternehmen-maerkte","25":"tag-wirtschaft"},"share_on_mastodon":{"url":"","error":""},"_links":{"self":[{"href":"https:\/\/www.europesays.com\/de\/wp-json\/wp\/v2\/posts\/665720","targetHints":{"allow":["GET"]}}],"collection":[{"href":"https:\/\/www.europesays.com\/de\/wp-json\/wp\/v2\/posts"}],"about":[{"href":"https:\/\/www.europesays.com\/de\/wp-json\/wp\/v2\/types\/post"}],"author":[{"embeddable":true,"href":"https:\/\/www.europesays.com\/de\/wp-json\/wp\/v2\/users\/2"}],"replies":[{"embeddable":true,"href":"https:\/\/www.europesays.com\/de\/wp-json\/wp\/v2\/comments?post=665720"}],"version-history":[{"count":0,"href":"https:\/\/www.europesays.com\/de\/wp-json\/wp\/v2\/posts\/665720\/revisions"}],"wp:featuredmedia":[{"embeddable":true,"href":"https:\/\/www.europesays.com\/de\/wp-json\/wp\/v2\/media\/665721"}],"wp:attachment":[{"href":"https:\/\/www.europesays.com\/de\/wp-json\/wp\/v2\/media?parent=665720"}],"wp:term":[{"taxonomy":"category","embeddable":true,"href":"https:\/\/www.europesays.com\/de\/wp-json\/wp\/v2\/categories?post=665720"},{"taxonomy":"post_tag","embeddable":true,"href":"https:\/\/www.europesays.com\/de\/wp-json\/wp\/v2\/tags?post=665720"}],"curies":[{"name":"wp","href":"https:\/\/api.w.org\/{rel}","templated":true}]}}