{"id":665724,"date":"2025-12-23T02:27:24","date_gmt":"2025-12-23T02:27:24","guid":{"rendered":"https:\/\/www.europesays.com\/de\/665724\/"},"modified":"2025-12-23T02:27:24","modified_gmt":"2025-12-23T02:27:24","slug":"korruptionsvorwuerfe-afd-in-sachsen-anhalt-will-jan-wenzel-schmidt-ausschliessen","status":"publish","type":"post","link":"https:\/\/www.europesays.com\/de\/665724\/","title":{"rendered":"Korruptionsvorw\u00fcrfe: AfD in Sachsen-Anhalt will Jan Wenzel Schmidt ausschlie\u00dfen"},"content":{"rendered":"<p class=\"paragraph article__item\">Der<br \/>\nLandesvorstand der <a href=\"https:\/\/www.zeit.de\/thema\/alternative-fuer-deutschland\" class=\"\" target=\"_blank\" rel=\"noopener\">AfD<\/a> in <a class=\"rtr-entity\" href=\"https:\/\/www.zeit.de\/thema\/sachsen-anhalt\" target=\"_blank\" rel=\"noopener\">Sachsen-Anhalt<\/a> hat ein Parteiausschlussverfahren<br \/>\ngegen den fr\u00fcheren Generalsekret\u00e4r Jan Wenzel Schmidt beschlossen. Schmidts Verhalten habe &#8222;grundlegend gegen die innere Ordnung der Partei&#8220; versto\u00dfen, teilte die Partei mit.\u00a0Der Vorstand entzog\u00a0Schmidt mit sofortiger Wirkung seine Rechte als Parteimitglied.\u00a0Ebenfalls ausgeschlossen werden soll demnach Landesschatzmeister Matthias Lieschke.\n<\/p>\n<p class=\"paragraph article__item\">Schmidt war<br \/>\nvon 2022 bis Februar 2025 Generalsekret\u00e4r der <a class=\"rtr-entity\" href=\"https:\/\/www.zeit.de\/thema\/alternative-fuer-deutschland\" target=\"_blank\" rel=\"noopener\">AfD<\/a> in Sachsen-Anhalt. Der Bundestagsabgeordnete steht seit Monaten in der Kritik. In der AfD hei\u00dft es, Schmidt habe sein Bundestagsmandat<br \/>\nausgenutzt, um private Gesch\u00e4ftsbeziehungen etwa nach China aufzubauen.\u00a0Dem Vernehmen nach wird ihm zudem vorgeworfen, Mitarbeiter seiner Firma in seinem Bundestagsb\u00fcro angestellt zu haben.\n<\/p>\n<p class=\"paragraph article__item\">Schmidt weist die Vorw\u00fcrfe zur\u00fcck.\u00a0Die Entwicklung sei unsch\u00f6n, er werde den Wahlkampf<br \/>\ndennoch unterst\u00fctzen und zugleich alle parteiinternen Instanzen beschreiten,<br \/>\n&#8222;um dieses ungerechtfertigte Ausschlussverfahren aufzuheben&#8220;,\u00a0sagte Schmidt der ZEIT.\n<\/p>\n<p>        Schmidt wirft Parteikollegen Vetternwirtschaft vor        <\/p>\n<p class=\"paragraph article__item\">Auch Schmidt selbst hat vor einigen Tagen Vorw\u00fcrfe gegen seine Parteikollegen erhoben. Demnach sollen AfD-Landtagsabgeordnete Reisen<br \/>\nfalsch abgerechnet haben. Au\u00dferdem geht es um den Vorwurf der<br \/>\nVetternwirtschaft. Ehefrauen, Kinder oder Geschwister von Mitgliedern des<br \/>\nLandesvorstands sollen bei Abgeordneten besch\u00e4ftigt worden sein. Schmidt<br \/>\nk\u00fcndigte an, daf\u00fcr Belege vorlegen zu wollen.\n<\/p>\n<p class=\"paragraph article__item\">Die Landtagsverwaltung will die Fahrtkostenabrechnungen von AfD-Abgeordneten \u00fcberpr\u00fcfen. Aus dem AfD-Landesvorstand<br \/>\n gibt es dazu bisher keine Stellungnahme.\u00a0\n<\/p>\n<p>                            \u00a9\u00a0Lea Dohle<\/p>\n<p>\n                                        Newsletter<br \/>\n                                        Was jetzt? \u2013 Der t\u00e4gliche Morgen\u00fcberblick<\/p>\n<p class=\"newsletter-signup__text\">Starten Sie mit unserem kurzen Nachrichten-Newsletter in den Tag. Erhalten Sie zudem freitags das digitale Magazin ZEIT am Wochenende.<\/p>\n<p class=\"newsletter-signup__datapolicy\" hidden=\"\">\n            Mit Ihrer Registrierung nehmen Sie die <a href=\"https:\/\/datenschutz.zeit.de\/zon#Newsletter\" target=\"_blank\" rel=\"noopener\">Datenschutzerkl\u00e4rung<\/a> zur Kenntnis.\n        <\/p>\n<p>    Vielen Dank! Wir haben Ihnen eine E-Mail geschickt.<\/p>\n<p>Pr\u00fcfen Sie Ihr Postfach und best\u00e4tigen Sie das Newsletter-Abonnement.<\/p>\n<p class=\"paragraph article__item\">Lieschke wird<br \/>\nvorgeworfen, dass er ein Kreisspitzentreffen, das Anfang Dezember als<br \/>\nVideokonferenz stattfand, heimlich aufgenommen und die Audiodatei an Schmidt<br \/>\nweitergeleitet haben soll. Lieschke \u00e4u\u00dferte sich dazu nicht. Schmidt teilte<br \/>\nmit, er habe keine Aufnahme von Lieschke erhalten.\n<\/p>\n<p class=\"paragraph article__item\">In<br \/>\nSachsen-Anhalt findet die n\u00e4chste <a href=\"https:\/\/www.zeit.de\/2025\/53\/innere-sicherheit-afd-daten-rechtsextremismus-staatsschutz-innenministerkonferenz\" class=\"\" target=\"_blank\" rel=\"noopener\">Landtagswahl<\/a> am 6. September statt. Die <a href=\"https:\/\/www.zeit.de\/2025\/51\/das-deutsche-demokratische-reich-volker-weiss-osten-ddr-afd\" class=\"\" target=\"_blank\" rel=\"noopener\">AfD<\/a> ist in Umfragen mit Abstand st\u00e4rkste Kraft.\u00a0Der Verfassungsschutz stuft den Landesverband als gesichert rechtsextrem ein.\n<\/p>\n<p>            AfD        <\/p>\n<p>Mehr zum Thema<\/p>\n<p>                <a href=\"https:\/\/www.zeit.de\/politik\/deutschland\/2025-12\/afd-young-republicans-gala-usa\" data-ct-label=\"AfD bei den Young Republicans: Nicht mal der deutsche Konsul hatte Zeit\" target=\"_blank\" rel=\"noopener\"><\/p>\n<p>        Z+ (abopflichtiger Inhalt);<\/p>\n<p>    AfD bei den Young Republicans:<br \/>\n                        Nicht mal der deutsche Konsul hatte Zeit<\/p>\n<p>                <\/a><\/p>\n<p>                <a href=\"https:\/\/www.zeit.de\/2025\/54\/afd-regierungsbeteiligung-rechtsextremismus-brandmauer\" data-ct-label=\"AfD: Sie wollen ein anderes Land\" target=\"_blank\" rel=\"noopener\"><\/p>\n<p>        Z+ (abopflichtiger Inhalt);<\/p>\n<p>    AfD:<br \/>\n                        Sie wollen ein anderes Land<\/p>\n<p>                <\/a><\/p>\n<p>                <a href=\"https:\/\/www.zeit.de\/politik\/deutschland\/2025-12\/sachsen-anhalt-monitor-gert-pickel-demokratie-rechtsextremismus\" data-ct-label=\"Sachsen-Anhalt-Monitor: &quot;Autorit\u00e4r verh\u00e4lt sich die AfD ja nur gegen\u00fcber anderen&quot;\" target=\"_blank\" rel=\"noopener\"><\/p>\n<p>        Z+ (abopflichtiger Inhalt);<\/p>\n<p>    Sachsen-Anhalt-Monitor:<br \/>\n                        &#8222;Autorit\u00e4r verh\u00e4lt sich die AfD ja nur gegen\u00fcber anderen&#8220;<\/p>\n<p>                <\/a><\/p>\n","protected":false},"excerpt":{"rendered":"Der Landesvorstand der AfD in Sachsen-Anhalt hat ein Parteiausschlussverfahren gegen den fr\u00fcheren Generalsekret\u00e4r Jan Wenzel Schmidt beschlossen. Schmidts&hellip;\n","protected":false},"author":2,"featured_media":665725,"comment_status":"","ping_status":"","sticky":false,"template":"","format":"standard","meta":{"footnotes":""},"categories":[2],"tags":[150,29,30,13,155211,324,155210,1229,14,15,38810,16,860,12,10,8,9,11],"class_list":{"0":"post-665724","1":"post","2":"type-post","3":"status-publish","4":"format-standard","5":"has-post-thumbnail","7":"category-deutschland","8":"tag-alternative-fuer-deutschland","9":"tag-deutschland","10":"tag-germany","11":"tag-headlines","12":"tag-jan-wenzel-schmidt","13":"tag-korruption","14":"tag-korruptionsvorwuerfe","15":"tag-kritik","16":"tag-nachrichten","17":"tag-news","18":"tag-parteiausschlussverfahren","19":"tag-politik","20":"tag-sachsen-anhalt","21":"tag-schlagzeilen","22":"tag-top-news","23":"tag-top-meldungen","24":"tag-topmeldungen","25":"tag-topnews"},"share_on_mastodon":{"url":"https:\/\/pubeurope.com\/@de\/115766522506860284","error":""},"_links":{"self":[{"href":"https:\/\/www.europesays.com\/de\/wp-json\/wp\/v2\/posts\/665724","targetHints":{"allow":["GET"]}}],"collection":[{"href":"https:\/\/www.europesays.com\/de\/wp-json\/wp\/v2\/posts"}],"about":[{"href":"https:\/\/www.europesays.com\/de\/wp-json\/wp\/v2\/types\/post"}],"author":[{"embeddable":true,"href":"https:\/\/www.europesays.com\/de\/wp-json\/wp\/v2\/users\/2"}],"replies":[{"embeddable":true,"href":"https:\/\/www.europesays.com\/de\/wp-json\/wp\/v2\/comments?post=665724"}],"version-history":[{"count":0,"href":"https:\/\/www.europesays.com\/de\/wp-json\/wp\/v2\/posts\/665724\/revisions"}],"wp:featuredmedia":[{"embeddable":true,"href":"https:\/\/www.europesays.com\/de\/wp-json\/wp\/v2\/media\/665725"}],"wp:attachment":[{"href":"https:\/\/www.europesays.com\/de\/wp-json\/wp\/v2\/media?parent=665724"}],"wp:term":[{"taxonomy":"category","embeddable":true,"href":"https:\/\/www.europesays.com\/de\/wp-json\/wp\/v2\/categories?post=665724"},{"taxonomy":"post_tag","embeddable":true,"href":"https:\/\/www.europesays.com\/de\/wp-json\/wp\/v2\/tags?post=665724"}],"curies":[{"name":"wp","href":"https:\/\/api.w.org\/{rel}","templated":true}]}}