{"id":665726,"date":"2025-12-23T02:28:23","date_gmt":"2025-12-23T02:28:23","guid":{"rendered":"https:\/\/www.europesays.com\/de\/665726\/"},"modified":"2025-12-23T02:28:23","modified_gmt":"2025-12-23T02:28:23","slug":"usa-trump-regierung-stoppt-bau-von-windparks-vor-der-us-kueste","status":"publish","type":"post","link":"https:\/\/www.europesays.com\/de\/665726\/","title":{"rendered":"USA: Trump-Regierung stoppt Bau von Windparks vor der US-K\u00fcste"},"content":{"rendered":"<p class=\"paragraph article__item\">Die US-Regierung hat alle<br \/>\ngr\u00f6\u00dferen Projekte f\u00fcr Offshore-Windparks vor der US-K\u00fcste vorerst ausgesetzt. Das Innenministerium begr\u00fcndete dies mit &#8222;nationalen Sicherheitsrisiken&#8220;.\u00a0Der Schritt<br \/>\nsei eine Reaktion auf Beschwerden des Verteidigungsministeriums.\u00a0\n<\/p>\n<p class=\"paragraph article__item\">Die Windr\u00e4der k\u00f6nnten Radar- und Navigationsanlagen st\u00f6ren, sagte US-Innenminister Doug Burgum in einer Erkl\u00e4rung. Diese<br \/>\nSt\u00f6rungen w\u00fcrden &#8222;durch die Bewegung massiver Turbinenbl\u00e4tter und die<br \/>\nstark reflektierenden T\u00fcrme verursacht&#8220;\u00a0<a href=\"https:\/\/www.zeit.de\/wirtschaft\/2025-03\/greentech-usa-donald-trump-klimapolitik-unternehmen\/komplettansicht\" class=\"\" target=\"_blank\" rel=\"nofollow noopener\">und so unter anderem milit\u00e4rische Ziele verschleiern<\/a>. Daher w\u00fcrden die Pachtvertr\u00e4ge f\u00fcr alle im Bau befindlichen gro\u00df angelegten Offshore-Windprojekte in<br \/>\nden <a class=\"rtr-entity\" href=\"https:\/\/www.zeit.de\/thema\/usa\" rel=\"nofollow noopener\" target=\"_blank\">Vereinigten Staaten<\/a> ausgesetzt, bis das Verteidigungsministerium und andere<br \/>\nBeh\u00f6rden technische L\u00f6sungen erarbeitet h\u00e4tten, hie\u00df es weiter.\n<\/p>\n<p class=\"paragraph article__item\">Diese Angaben lassen sich nicht pr\u00fcfen.\u00a0Der Branchenverband National Ocean Industries Association<br \/>\n(NOIA) verwies \u2060darauf, dass das US-Verteidigungsministerium an der<br \/>\nGenehmigung der geplanten Projekte unter fr\u00fcheren Regierungen beteiligt<br \/>\ngewesen sei. Jedes \u200bim Bau befindliche Projekt habe bereits eine Pr\u00fcfung<br \/>\n durch das<br \/>\nVerteidigungsministerium ohne Einw\u00e4nde durchlaufen. Der Verband warnte, dass der Schritt die Netzstabilit\u00e4t f\u00fcr Kunden in \u200dVirginia bedrohe, darunter auch Milit\u00e4rbasen und<br \/>\nRechenzentren f\u00fcr k\u00fcnstliche Intelligenz.\n<\/p>\n<p>        &#8222;Angriff auf saubere Energie&#8220;        <\/p>\n<p class=\"paragraph article__item\">Betroffen sind f\u00fcnf Anlagen vor der US-Ostk\u00fcste, die sich<br \/>\nim Bau befinden, darunter Projekte des<br \/>\nd\u00e4nischen Konzerns \u00d8rsted, \u2060des<br \/>\nUS-Konzerns Dominion Energy und des norwegischen Energieunternehmens Equinor.\u00a0Die geplanten Windparks sollten Strom f\u00fcr Millionen Haushalte an<br \/>\nder dicht besiedelten US-Ostk\u00fcste liefern.\n<\/p>\n<p class=\"paragraph article__item\">&#8222;Die Trump-Regierung sucht \u2060nach<br \/>\njeder Ausrede, um ihren <a href=\"https:\/\/www.zeit.de\/wirtschaft\/2025-11\/erneuerbare-energien-wachstum-solarenergie-windenergie-strombedarf-ember\" class=\"\" target=\"_blank\" rel=\"nofollow noopener\">Angriff auf saubere Energie<\/a> fortzusetzen&#8220;, sagte<br \/>\ndie Gouverneurin von New York, Kathy Hochul.<br \/>\n&#8222;F\u00fcr diesen Stopp gibt es jedoch keine glaubw\u00fcrdige Rechtfertigung.&#8220;\n<\/p>\n<p>        Trump erkl\u00e4rter Gegner von Windkraft        <\/p>\n<p class=\"paragraph article__item\">Im August hatte die \u200dUS-Regierung bereits den fortgeschrittenen<br \/>\nBau des Projekts Revolution Wind von \u00d8rsted gestoppt, ein Bundesrichter hob das Verbot jedoch<br \/>\nsp\u00e4ter auf.\n<\/p>\n<p>                            \u00a9\u00a0Lea Dohle<\/p>\n<p>\n                                        Newsletter<br \/>\n                                        Was jetzt? \u2013 Der t\u00e4gliche Morgen\u00fcberblick<\/p>\n<p class=\"newsletter-signup__text\">Starten Sie mit unserem kurzen Nachrichten-Newsletter in den Tag. Erhalten Sie zudem freitags das digitale Magazin ZEIT am Wochenende.<\/p>\n<p class=\"newsletter-signup__datapolicy\" hidden=\"\">\n            Mit Ihrer Registrierung nehmen Sie die <a href=\"https:\/\/datenschutz.zeit.de\/zon#Newsletter\" target=\"_blank\" rel=\"nofollow noopener\">Datenschutzerkl\u00e4rung<\/a> zur Kenntnis.\n        <\/p>\n<p>    Vielen Dank! Wir haben Ihnen eine E-Mail geschickt.<\/p>\n<p>Pr\u00fcfen Sie Ihr Postfach und best\u00e4tigen Sie das Newsletter-Abonnement.<\/p>\n<p class=\"paragraph article__item\">US-Pr\u00e4sident Donald Trump ist ein erkl\u00e4rter Gegner von Windkraft.<br \/>\nBereits am Tag seines erneuten Amtsantritts im Januar hatte er ein<br \/>\nDekret gegen den Ausbau von Windenergie unterzeichnet. In den<br \/>\nvergangenen Monaten bezeichnete er Windanlagen als &#8222;Betrug&#8220; und<br \/>\nbehauptete, sie trieben &#8222;Wale in den Wahnsinn&#8220;.\n<\/p>\n<p>            Mehr zum Thema        <\/p>\n<p>Trumps Energiepolitik<\/p>\n<p>                <a href=\"https:\/\/www.zeit.de\/wirtschaft\/2025-09\/mark-jacobson-energiewende-usa-stanford-university-gxe\" data-ct-label=\"Mark Jacobson: &quot;Die US-Regierung erz\u00e4hlt L\u00fcgen \u00fcber Wind- und Solarstrom&quot;\" rel=\"nofollow noopener\" target=\"_blank\"><\/p>\n<p>                        Mark Jacobson:<br \/>\n                        &#8222;Die US-Regierung erz\u00e4hlt L\u00fcgen \u00fcber Wind- und Solarstrom&#8220;<\/p>\n<p>                <\/a><\/p>\n<p>                <a href=\"https:\/\/www.zeit.de\/wissen\/umwelt\/2025-02\/klimapolitik-usa-donald-trump-beschluesse-energiepolitik\" data-ct-label=\"Klimapolitik der USA: Das ist Trumps Antiklimapolitik\" rel=\"nofollow noopener\" target=\"_blank\"><\/p>\n<p>                        Klimapolitik der USA:<br \/>\n                        Das ist Trumps Antiklimapolitik<\/p>\n<p>                <\/a><\/p>\n<p>                <a href=\"https:\/\/www.zeit.de\/wirtschaft\/2025-01\/us-energiepolitik-donald-trump-oel-gas-klimaschutz\" data-ct-label=\"US-Energiepolitik: Bohr, ey!\" rel=\"nofollow noopener\" target=\"_blank\"><\/p>\n<p>        Z+ (abopflichtiger Inhalt);<\/p>\n<p>    US-Energiepolitik:<br \/>\n                        Bohr, ey!<\/p>\n<p>                <\/a><\/p>\n","protected":false},"excerpt":{"rendered":"Die US-Regierung hat alle gr\u00f6\u00dferen Projekte f\u00fcr Offshore-Windparks vor der US-K\u00fcste vorerst ausgesetzt. Das Innenministerium begr\u00fcndete dies mit&hellip;\n","protected":false},"author":2,"featured_media":665727,"comment_status":"","ping_status":"","sticky":false,"template":"","format":"standard","meta":{"footnotes":""},"categories":[5],"tags":[13,14,15,31427,16,12,65519,10,8,9,11,64,8455],"class_list":{"0":"post-665726","1":"post","2":"type-post","3":"status-publish","4":"format-standard","5":"has-post-thumbnail","7":"category-nachrichten","8":"tag-headlines","9":"tag-nachrichten","10":"tag-news","11":"tag-offshore","12":"tag-politik","13":"tag-schlagzeilen","14":"tag-sicherheitsrisiko","15":"tag-top-news","16":"tag-top-meldungen","17":"tag-topmeldungen","18":"tag-topnews","19":"tag-usa","20":"tag-windpark"},"share_on_mastodon":{"url":"https:\/\/pubeurope.com\/@de\/115766526229122408","error":""},"_links":{"self":[{"href":"https:\/\/www.europesays.com\/de\/wp-json\/wp\/v2\/posts\/665726","targetHints":{"allow":["GET"]}}],"collection":[{"href":"https:\/\/www.europesays.com\/de\/wp-json\/wp\/v2\/posts"}],"about":[{"href":"https:\/\/www.europesays.com\/de\/wp-json\/wp\/v2\/types\/post"}],"author":[{"embeddable":true,"href":"https:\/\/www.europesays.com\/de\/wp-json\/wp\/v2\/users\/2"}],"replies":[{"embeddable":true,"href":"https:\/\/www.europesays.com\/de\/wp-json\/wp\/v2\/comments?post=665726"}],"version-history":[{"count":0,"href":"https:\/\/www.europesays.com\/de\/wp-json\/wp\/v2\/posts\/665726\/revisions"}],"wp:featuredmedia":[{"embeddable":true,"href":"https:\/\/www.europesays.com\/de\/wp-json\/wp\/v2\/media\/665727"}],"wp:attachment":[{"href":"https:\/\/www.europesays.com\/de\/wp-json\/wp\/v2\/media?parent=665726"}],"wp:term":[{"taxonomy":"category","embeddable":true,"href":"https:\/\/www.europesays.com\/de\/wp-json\/wp\/v2\/categories?post=665726"},{"taxonomy":"post_tag","embeddable":true,"href":"https:\/\/www.europesays.com\/de\/wp-json\/wp\/v2\/tags?post=665726"}],"curies":[{"name":"wp","href":"https:\/\/api.w.org\/{rel}","templated":true}]}}