{"id":665741,"date":"2025-12-23T02:39:12","date_gmt":"2025-12-23T02:39:12","guid":{"rendered":"https:\/\/www.europesays.com\/de\/665741\/"},"modified":"2025-12-23T02:39:12","modified_gmt":"2025-12-23T02:39:12","slug":"welche-reichweite-haben-wasserstoffbetriebene-fahrzeuge","status":"publish","type":"post","link":"https:\/\/www.europesays.com\/de\/665741\/","title":{"rendered":"Welche Reichweite haben wasserstoffbetriebene Fahrzeuge?"},"content":{"rendered":"<p class=\"mb-6 text-xs md:text-m lg:text-l font-serif group-[.font-sans]:font-sans \">\n    In einem <a href=\"https:\/\/archive.ph\/aQP3v\" rel=\"nofollow noopener\" target=\"_blank\" class=\"underline \">Fotobeitrag<\/a>\u00a0in den sozialen Medien wird angeblich das erste wasserstoffbetriebene Auto gezeigt. Es wird behauptet, das Fahrzeug ben\u00f6tige nur f\u00fcnf Sekunden zum Tanken und habe eine Reichweite von 1500 Kilometern. Stimmt das?\n  <\/p>\n<p>            Bewertung<\/p>\n<p class=\"mb-6 text-xs md:text-m lg:text-l font-serif group-[.font-sans]:font-sans \">\n    Das gezeigte Auto ist nicht das erste wasserstoffbetriebene Fahrzeug. Laut Hersteller dauert das Betanken knapp vier Minuten, und die Reichweite betr\u00e4gt rund 800 Kilometer.\n  <\/p>\n<p>            Fakten<\/p>\n<p class=\"mb-6 text-xs md:text-m lg:text-l font-serif group-[.font-sans]:font-sans \">\n    Eine\u00a0<a href=\"https:\/\/www.medienanstalt-nrw.de\/fileadmin\/user_upload\/NeueWebsite_0120\/Presse\/Pressemitteilung\/230303-HandbuchVerifikation_final\" rel=\"nofollow noopener\" target=\"_blank\" class=\"underline \">Bilderr\u00fcckw\u00e4rtssuche<\/a>\u00a0f\u00fchrt schnell zur Herstellerseite. Das Auto im Beitrag ist ein\u00a0<a href=\"https:\/\/www.namx-hydrogen.com\/en\/\" rel=\"nofollow noopener\" target=\"_blank\" class=\"underline \">NamX HUV<\/a>\u00a0(Hydrogen Utility Vehicle), erstmals vorgestellt 2022, mit geplantem Vertrieb<a href=\"https:\/\/www.namx-hydrogen.com\/en\/namx-pre-sales\" rel=\"nofollow noopener\" target=\"_blank\" class=\"underline \">\u00a0ab 2026.<\/a>\n  <\/p>\n<p class=\"mb-6 text-xs md:text-m lg:text-l font-serif group-[.font-sans]:font-sans \">\n    Das Fahrzeug verf\u00fcgt neben einem fest installierten Haupttank \u00fcber sechs austauschbare Wasserstofftanks. Dieses System soll den Austausch erleichtern, da Wasserstofftankstellen derzeit selten sind. Der Haupttank fasst 5 kg Wasserstoff, jeder der sechs zus\u00e4tzlichen Tanks 0,5 kg, was eine\u00a0<a href=\"https:\/\/www.namx-hydrogen.com\/namx-voiture-hydrogene\/capsule-hydrogene#:~:text=Der%20HUV%20NamX%20speichert%20seinen%20Wasserstoff%20in%20einem%205%2Dkg%2DTank.%20Da%20wir%20jedoch%20nicht%20auf%20ein%20fl%C3%A4chendeckendes%20Tankstellennetz%20warten%20k%C3%B6nnen%2C%20bringen%20wir%20ein%20herausnehmbares%20Kapselsystem%20auf%20den%20Markt%2C%20das%20insgesamt%203%20kg%20Wasserstoff%20fasst.%20Insgesamt%20kann%20das%20Fahrzeug%20bis%20zu%208%20kg%20Wasserstoff%20nutzen.\" rel=\"nofollow noopener\" target=\"_blank\" class=\"underline \">Gesamtkapazit\u00e4t von 8 kg<\/a>\u00a0ergibt. Daraus resultiert eine Gesamt-Reichweite von etwa 800 Kilometern.\n  <\/p>\n<p>            Geschichte wasserstoffbetriebener Autos<\/p>\n<p class=\"mb-6 text-xs md:text-m lg:text-l font-serif group-[.font-sans]:font-sans \">\n    Bereits<a href=\"https:\/\/www.avenergy.ch\/de\/resultat\/2-news\/428-200-jahre-wasserstoff-fahrzeuge\" rel=\"nofollow noopener\" target=\"_blank\" class=\"underline \">\u00a01807<\/a>\u00a0entwickelte Fran\u00e7ois Isaac de Rivaz ein experimentelles Fahrzeug mit wasserstoffbetriebenem Verbrennungsmotor. Wasserstoff wurde wie Benzin gez\u00fcndet, die Explosion trieb den Kolben an. Nach ersten Experimenten blieb die Technik Randerscheinung, bis sie in den 1970er-Jahren infolge der \u00d6lkrisen erneut Beachtung fand.\n  <\/p>\n<p class=\"mb-6 text-xs md:text-m lg:text-l font-serif group-[.font-sans]:font-sans \">\n    Den Durchbruch brachten jedoch erst Brennstoffzellenfahrzeuge in den\u00a0<a href=\"https:\/\/www.inshared.de\/autoversicherung\/elektroauto\/geschichte-e-auto\" rel=\"nofollow noopener\" target=\"_blank\" class=\"underline \">1980er-Jahren<\/a>. Bei Brennstoffzellenfahrzeugen wird Wasserstoff in einer Brennstoffzelle in Strom umgewandelt \u2013 es handelt sich also um Elektrofahrzeuge. Heute bleibt Wasserstoff im Stra\u00dfenverkehr eine Nischentechnologie, deren Einsatz stark von Infrastruktur und Wirtschaftlichkeit abh\u00e4ngt.\n  <\/p>\n<p>            Aktuelle Wasserstofffahrzeuge<\/p>\n<p class=\"mb-6 text-xs md:text-m lg:text-l font-serif group-[.font-sans]:font-sans \">\n    Derzeit ist der\u00a0<a href=\"https:\/\/www.toyota.de\/neuwagen\/mirai\" rel=\"nofollow noopener\" target=\"_blank\" class=\"underline \">Toyota Mirai<\/a>\u00a0das\u00a0<a href=\"https:\/\/www.adac.de\/verkehr\/tanken-kraftstoff-antrieb\/alternative-antriebe\/wasserstoffauto-so-funktioniert-es\/\" rel=\"nofollow noopener\" target=\"_blank\" class=\"underline \">einzige Wasserstoffauto<\/a>\u00a0auf dem Markt. Die\u00a0<a href=\"https:\/\/www.adac.de\/rund-ums-fahrzeug\/autokatalog\/marken-modelle\/hyundai\/nexo\/1generation\/288843\/\" rel=\"nofollow noopener\" target=\"_blank\" class=\"underline \">erste Generation<\/a>\u00a0des Hyundai Nexo war bis 2024 verf\u00fcgbar; die<a href=\"https:\/\/www.hyundai.com\/de\/de\/modelle\/nexo.html\" rel=\"nofollow noopener\" target=\"_blank\" class=\"underline \">\u00a0neue Generation<\/a>\u00a0soll 2026 auf den Markt kommen.\n  <\/p>\n<p class=\"mb-6 text-xs md:text-m lg:text-l font-serif group-[.font-sans]:font-sans \">\n    (Stand: 10.12.2025)\n  <\/p>\n<p>    Recherche vertiefen? Hier gehts zu den Links<\/p>\n<p class=\"mb-6 text-xs md:text-m lg:text-l font-serif group-[.font-sans]:font-sans \">\n    Haben auch Sie einen Sachverhalt, den man einmal unter die Lupe nehmen sollte? Ein Foto, Video oder eine Aussage, die gepr\u00fcft werden sollte? Dann freuen wir uns \u00fcber Ihre Nachricht an die dpa-Faktenchecker unter 0160 3476409 via WhatsApp (Keine Gew\u00e4hr f\u00fcr die Bearbeitung).\n  <\/p>\n<p>    Transparenzhinweis<\/p>\n<p class=\"mb-6 text-xs md:text-m lg:text-l font-serif group-[.font-sans]:font-sans \">\n    Das Projekt \u201eAugsburg checkt\u2018s\u201c erfolgt in gemeinsamer Zusammenarbeit der Stadt Augsburg, den Stadtwerken Augsburg, der Augsburger Allgemeinen und der Deutschen Presseagentur. Stadt und Stadtwerke stellen Geb\u00e4ude, Liegenschaften sowie Fahrzeuge f\u00fcr die Initiative zur Verf\u00fcgung. Auf Inhalte haben sie keinen Einfluss. Die Faktenchecks wurden von der Deutschen Presseagentur recherchiert und werden \u00fcber die Augsburger Allgemeine publiziert.\u00a0\n  <\/p>\n<ul data-module-id=\"DragDropModule\" class=\"flex flex-wrap justify-start group-[.no-bookmarks]:hidden\">\n<li class=\"mb-3 mr-3\">\n    Auto<\/p>\n<p>      Icon Haken im Kreis gesetzt<\/p>\n<p>      Icon Plus im Kreis<\/p>\n<\/li>\n<li class=\"mb-3 mr-3\">\n    Fahrzeug<\/p>\n<p>      Icon Haken im Kreis gesetzt<\/p>\n<p>      Icon Plus im Kreis<\/p>\n<\/li>\n<li class=\"mb-3 mr-3\">\n    Toyota Motor<\/p>\n<p>      Icon Haken im Kreis gesetzt<\/p>\n<p>      Icon Plus im Kreis<\/p>\n<\/li>\n<\/ul>\n","protected":false},"excerpt":{"rendered":"In einem Fotobeitrag\u00a0in den sozialen Medien wird angeblich das erste wasserstoffbetriebene Auto gezeigt. Es wird behauptet, das Fahrzeug&hellip;\n","protected":false},"author":2,"featured_media":665742,"comment_status":"","ping_status":"","sticky":false,"template":"","format":"standard","meta":{"footnotes":""},"categories":[1846],"tags":[680,513,772,3364,29,548,663,3934,514,155214,30,13,155215,14,15,12,155213,50599,672],"class_list":{"0":"post-665741","1":"post","2":"type-post","3":"status-publish","4":"format-standard","5":"has-post-thumbnail","7":"category-augsburg","8":"tag-augsburg","9":"tag-auto","10":"tag-bayern","11":"tag-de","12":"tag-deutschland","13":"tag-eu","14":"tag-europa","15":"tag-europe","16":"tag-fahrzeug","17":"tag-fotobeitrag","18":"tag-germany","19":"tag-headlines","20":"tag-isaac-de-rivaz","21":"tag-nachrichten","22":"tag-news","23":"tag-schlagzeilen","24":"tag-technikversprechen","25":"tag-toyota-motor","26":"tag-whatsapp"},"share_on_mastodon":{"url":"https:\/\/pubeurope.com\/@de\/115766569459549180","error":""},"_links":{"self":[{"href":"https:\/\/www.europesays.com\/de\/wp-json\/wp\/v2\/posts\/665741","targetHints":{"allow":["GET"]}}],"collection":[{"href":"https:\/\/www.europesays.com\/de\/wp-json\/wp\/v2\/posts"}],"about":[{"href":"https:\/\/www.europesays.com\/de\/wp-json\/wp\/v2\/types\/post"}],"author":[{"embeddable":true,"href":"https:\/\/www.europesays.com\/de\/wp-json\/wp\/v2\/users\/2"}],"replies":[{"embeddable":true,"href":"https:\/\/www.europesays.com\/de\/wp-json\/wp\/v2\/comments?post=665741"}],"version-history":[{"count":0,"href":"https:\/\/www.europesays.com\/de\/wp-json\/wp\/v2\/posts\/665741\/revisions"}],"wp:featuredmedia":[{"embeddable":true,"href":"https:\/\/www.europesays.com\/de\/wp-json\/wp\/v2\/media\/665742"}],"wp:attachment":[{"href":"https:\/\/www.europesays.com\/de\/wp-json\/wp\/v2\/media?parent=665741"}],"wp:term":[{"taxonomy":"category","embeddable":true,"href":"https:\/\/www.europesays.com\/de\/wp-json\/wp\/v2\/categories?post=665741"},{"taxonomy":"post_tag","embeddable":true,"href":"https:\/\/www.europesays.com\/de\/wp-json\/wp\/v2\/tags?post=665741"}],"curies":[{"name":"wp","href":"https:\/\/api.w.org\/{rel}","templated":true}]}}