{"id":665743,"date":"2025-12-23T02:40:18","date_gmt":"2025-12-23T02:40:18","guid":{"rendered":"https:\/\/www.europesays.com\/de\/665743\/"},"modified":"2025-12-23T02:40:18","modified_gmt":"2025-12-23T02:40:18","slug":"grusswort-zu-weihnachten-2025-viernheim-online","status":"publish","type":"post","link":"https:\/\/www.europesays.com\/de\/665743\/","title":{"rendered":"Gru\u00dfwort zu Weihnachten 2025 \u2013 Viernheim Online"},"content":{"rendered":"<p><a href=\"https:\/\/viernheim-online.de\/wordpress\/wp-content\/uploads\/2025\/12\/IMG_8621.jpg\" target=\"_blank\" rel=\"noopener\"><img loading=\"lazy\" decoding=\"async\" class=\"size-medium wp-image-257768\" src=\"https:\/\/www.europesays.com\/de\/wp-content\/uploads\/2025\/12\/IMG_8621-303x450.jpg\" alt=\"\" width=\"303\" height=\"450\"  \/><\/a>Foto: Stadt Viernheim<\/p>\n<p>Liebe Viernheimerinnen und Viernheimer,<\/p>\n<p><strong>\u201eEs ist das Licht, das wir miteinander teilen, das die Welt heller macht.\u201c<\/strong><\/p>\n<p>Wenn das Jahr sich neigt, lohnt sich der Blick auf das, was uns als Gemeinschaft tr\u00e4gt. Weihnachten l\u00e4dt uns ein, das Verbindende zu sehen \u2013 all die Momente des \u201eLichts\u201c, in denen Menschen f\u00fcr andere da sind, Verantwortung \u00fcbernehmen, Ideen einbringen oder einfach Aufmerksamkeit schenken. Dieses t\u00e4gliche, oft stille Engagement macht unsere Stadt lebendig. Daf\u00fcr m\u00f6chte ich Ihnen von Herzen danken.<\/p>\n<p>In Viernheim wirken unz\u00e4hlige Menschen mit, dieses Licht zu teilen: in Vereinen, Kirchen, sozialen Einrichtungen, Schulen, Initiativen, Kultur- und Sportgemeinschaften und in vielen Bereichen, die man nicht immer sofort wahrnimmt. Jeder Beitrag \u2013 ob sichtbar oder im Hintergrund \u2013 st\u00e4rkt den Zusammenhalt unserer Stadtgesellschaft.<\/p>\n<p>Mein besonderer Dank gilt daher auch jenen, die w\u00e4hrend der Festtage Dienst tun: den Einsatzkr\u00e4ften von Feuerwehr, Rettungsdienst, Polizei sowie allen haupt- und ehrenamtlichen Helferinnen und Helfern. Sie schenken Sicherheit, indem sie bereitstehen, wenn andere feiern. Ihre Arbeit verdient das ganze Jahr \u00fcber Anerkennung, doch gerade an Festtagen sp\u00fcren wir noch deutlicher, wie wertvoll es ist, dass Sie alle f\u00fcr uns da sind.<\/p>\n<p>Liebe B\u00fcrgerinnen und B\u00fcrger,<\/p>\n<p>Ich w\u00fcnsche Ihnen und Ihren Familien eine Weihnachtszeit voller Ruhe, Zuversicht und guter Begegnungen. M\u00f6ge das neue Jahr uns Momente der Freude schenken, Kraft f\u00fcr die Aufgaben, die vor uns liegen, und viele Gelegenheiten, die Gemeinschaft weiterzuentwickeln, die unser Viernheim so besonders macht.<\/p>\n<p>Frohe Weihnachten!<\/p>\n<p>Ihr<\/p>\n<p>J\u00f6rg Scheidel<\/p>\n<p>Erster Stadtrat\u00a0<\/p>\n<p>\u00a0<\/p>\n","protected":false},"excerpt":{"rendered":"Foto: Stadt Viernheim Liebe Viernheimerinnen und Viernheimer, \u201eEs ist das Licht, das wir miteinander teilen, das die Welt&hellip;\n","protected":false},"author":2,"featured_media":665744,"comment_status":"","ping_status":"","sticky":false,"template":"","format":"standard","meta":{"footnotes":""},"categories":[1845],"tags":[1634,3364,29,548,663,3934,30,13,2096,14,15,12],"class_list":{"0":"post-665743","1":"post","2":"type-post","3":"status-publish","4":"format-standard","5":"has-post-thumbnail","7":"category-mannheim","8":"tag-baden-wuerttemberg","9":"tag-de","10":"tag-deutschland","11":"tag-eu","12":"tag-europa","13":"tag-europe","14":"tag-germany","15":"tag-headlines","16":"tag-mannheim","17":"tag-nachrichten","18":"tag-news","19":"tag-schlagzeilen"},"share_on_mastodon":{"url":"https:\/\/pubeurope.com\/@de\/115766574442544753","error":""},"_links":{"self":[{"href":"https:\/\/www.europesays.com\/de\/wp-json\/wp\/v2\/posts\/665743","targetHints":{"allow":["GET"]}}],"collection":[{"href":"https:\/\/www.europesays.com\/de\/wp-json\/wp\/v2\/posts"}],"about":[{"href":"https:\/\/www.europesays.com\/de\/wp-json\/wp\/v2\/types\/post"}],"author":[{"embeddable":true,"href":"https:\/\/www.europesays.com\/de\/wp-json\/wp\/v2\/users\/2"}],"replies":[{"embeddable":true,"href":"https:\/\/www.europesays.com\/de\/wp-json\/wp\/v2\/comments?post=665743"}],"version-history":[{"count":0,"href":"https:\/\/www.europesays.com\/de\/wp-json\/wp\/v2\/posts\/665743\/revisions"}],"wp:featuredmedia":[{"embeddable":true,"href":"https:\/\/www.europesays.com\/de\/wp-json\/wp\/v2\/media\/665744"}],"wp:attachment":[{"href":"https:\/\/www.europesays.com\/de\/wp-json\/wp\/v2\/media?parent=665743"}],"wp:term":[{"taxonomy":"category","embeddable":true,"href":"https:\/\/www.europesays.com\/de\/wp-json\/wp\/v2\/categories?post=665743"},{"taxonomy":"post_tag","embeddable":true,"href":"https:\/\/www.europesays.com\/de\/wp-json\/wp\/v2\/tags?post=665743"}],"curies":[{"name":"wp","href":"https:\/\/api.w.org\/{rel}","templated":true}]}}