{"id":665763,"date":"2025-12-23T02:51:20","date_gmt":"2025-12-23T02:51:20","guid":{"rendered":"https:\/\/www.europesays.com\/de\/665763\/"},"modified":"2025-12-23T02:51:20","modified_gmt":"2025-12-23T02:51:20","slug":"trump-bringt-russland-und-china-ins-spiel","status":"publish","type":"post","link":"https:\/\/www.europesays.com\/de\/665763\/","title":{"rendered":"Trump bringt Russland und China ins Spiel"},"content":{"rendered":"<p class=\"richtext text-em-55 !leading-serif mx-6 desktop:mx-0\">Pr\u00e4sident Donald Trump hat in der Debatte um umstrittene Besitzanspr\u00fcche der USA an Gr\u00f6nland eine Verbindung zu Russland und China hergestellt. Auf die Frage von Journalisten zu dem am Vortag ernannten Sondergesandten der USA f\u00fcr die zu D\u00e4nemark geh\u00f6rende Insel im Nordatlantik sagte der Republikaner: Wenn man sich Gr\u00f6nland entlang der K\u00fcste anschaue, sehe man \u00fcberall russische und chinesische Schiffe. \u201eWir brauchen Gr\u00f6nland f\u00fcr die nationale Sicherheit.\u201c Es gehe nicht um Mineralien oder \u00d6l, davon habe die USA selbst genug.<\/p>\n","protected":false},"excerpt":{"rendered":"Pr\u00e4sident Donald Trump hat in der Debatte um umstrittene Besitzanspr\u00fcche der USA an Gr\u00f6nland eine Verbindung zu Russland&hellip;\n","protected":false},"author":2,"featured_media":665764,"comment_status":"","ping_status":"","sticky":false,"template":"","format":"standard","meta":{"footnotes":""},"categories":[4013],"tags":[331,332,13,14,15,4043,4044,850,307,12],"class_list":{"0":"post-665763","1":"post","2":"type-post","3":"status-publish","4":"format-standard","5":"has-post-thumbnail","7":"category-russland","8":"tag-aktuelle-nachrichten","9":"tag-aktuelle-news","10":"tag-headlines","11":"tag-nachrichten","12":"tag-news","13":"tag-russia","14":"tag-russian-federation","15":"tag-russische-foederation","16":"tag-russland","17":"tag-schlagzeilen"},"share_on_mastodon":{"url":"https:\/\/pubeurope.com\/@de\/115766616615474342","error":""},"_links":{"self":[{"href":"https:\/\/www.europesays.com\/de\/wp-json\/wp\/v2\/posts\/665763","targetHints":{"allow":["GET"]}}],"collection":[{"href":"https:\/\/www.europesays.com\/de\/wp-json\/wp\/v2\/posts"}],"about":[{"href":"https:\/\/www.europesays.com\/de\/wp-json\/wp\/v2\/types\/post"}],"author":[{"embeddable":true,"href":"https:\/\/www.europesays.com\/de\/wp-json\/wp\/v2\/users\/2"}],"replies":[{"embeddable":true,"href":"https:\/\/www.europesays.com\/de\/wp-json\/wp\/v2\/comments?post=665763"}],"version-history":[{"count":0,"href":"https:\/\/www.europesays.com\/de\/wp-json\/wp\/v2\/posts\/665763\/revisions"}],"wp:featuredmedia":[{"embeddable":true,"href":"https:\/\/www.europesays.com\/de\/wp-json\/wp\/v2\/media\/665764"}],"wp:attachment":[{"href":"https:\/\/www.europesays.com\/de\/wp-json\/wp\/v2\/media?parent=665763"}],"wp:term":[{"taxonomy":"category","embeddable":true,"href":"https:\/\/www.europesays.com\/de\/wp-json\/wp\/v2\/categories?post=665763"},{"taxonomy":"post_tag","embeddable":true,"href":"https:\/\/www.europesays.com\/de\/wp-json\/wp\/v2\/tags?post=665763"}],"curies":[{"name":"wp","href":"https:\/\/api.w.org\/{rel}","templated":true}]}}