{"id":665775,"date":"2025-12-23T02:59:20","date_gmt":"2025-12-23T02:59:20","guid":{"rendered":"https:\/\/www.europesays.com\/de\/665775\/"},"modified":"2025-12-23T02:59:20","modified_gmt":"2025-12-23T02:59:20","slug":"weiteres-flugzeug-mit-afghanen-in-deutschland-gelandet","status":"publish","type":"post","link":"https:\/\/www.europesays.com\/de\/665775\/","title":{"rendered":"Weiteres Flugzeug mit Afghanen in Deutschland gelandet"},"content":{"rendered":"<p class=\"is-first-paragraph\" data-external=\"Article.FirstParagraph\">Am Montag sind weitere Afghanen aus den Aufnahmeprogrammen nach Deutschland eingereist. In Hannover landete ein Flug mit 141 Personen an Bord, wie ein Sprecher des Bundesinnenministeriums nach Ankunft best\u00e4tigte. Sie hatten demnach Aufnahmezusagen \u00fcber das Ortskr\u00e4fteverfahren und das Bundesaufnahmeprogramm. <\/p>\n<p>Bundesinnenminister Alexander Dobrindt (CSU) hatte entschieden, dass grunds\u00e4tzlich nur noch Personen aus diesen Programmen einreisen sollen. Aufnahmezusagen aus anderen Aufnahmeprogrammen werden als nicht mehr rechtsverbindlich angesehen.<\/p>\n<p>Die aktuelle Koalition hatte vereinbart, humanit\u00e4re Aufnahmeprogramme \u201eso weit wie m\u00f6glich\u201c zu beenden. Dobrindt lie\u00df daher auch die Aufnahmeversprechen an gef\u00e4hrdete Afghanen erneut pr\u00fcfen. <\/p>\n<p>Im Sommer warteten in Pakistan noch rund 2300 Afghanen mit Aufnahmezusage auf ein Visum. Seit September sind nun knapp 750 von ihnen eingereist. Rund 300 k\u00f6nnen noch mit einer Aufnahme rechnen.<\/p>\n<p>Weitere rund 650 Menschen, die Zusagen aus anderen Programmen aus der Zeit direkt nach der Macht\u00fcbernahme der Taliban haben, k\u00f6nnen eher nicht mehr mit einem Visum rechnen. Menschenrechtsorganisationen kritisieren das scharf. Den in Pakistan auf Ausreise wartenden Afghanen droht mit dem Jahreswechsel die Abschiebung in ihr Herkunftsland. <\/p>\n","protected":false},"excerpt":{"rendered":"Am Montag sind weitere Afghanen aus den Aufnahmeprogrammen nach Deutschland eingereist. In Hannover landete ein Flug mit 141&hellip;\n","protected":false},"author":2,"featured_media":665776,"comment_status":"","ping_status":"","sticky":false,"template":"","format":"standard","meta":{"footnotes":""},"categories":[5],"tags":[7451,331,332,79886,15323,3364,29,30,13,14,15,110,10670,12,15451],"class_list":{"0":"post-665775","1":"post","2":"type-post","3":"status-publish","4":"format-standard","5":"has-post-thumbnail","7":"category-nachrichten","8":"tag-afghanistan","9":"tag-aktuelle-nachrichten","10":"tag-aktuelle-news","11":"tag-auswaertiges-amt-ks","12":"tag-balken-inbox","13":"tag-de","14":"tag-deutschland","15":"tag-germany","16":"tag-headlines","17":"tag-nachrichten","18":"tag-news","19":"tag-newsteam","20":"tag-pakistan","21":"tag-schlagzeilen","22":"tag-taliban"},"share_on_mastodon":{"url":"https:\/\/pubeurope.com\/@de\/115766648131014429","error":""},"_links":{"self":[{"href":"https:\/\/www.europesays.com\/de\/wp-json\/wp\/v2\/posts\/665775","targetHints":{"allow":["GET"]}}],"collection":[{"href":"https:\/\/www.europesays.com\/de\/wp-json\/wp\/v2\/posts"}],"about":[{"href":"https:\/\/www.europesays.com\/de\/wp-json\/wp\/v2\/types\/post"}],"author":[{"embeddable":true,"href":"https:\/\/www.europesays.com\/de\/wp-json\/wp\/v2\/users\/2"}],"replies":[{"embeddable":true,"href":"https:\/\/www.europesays.com\/de\/wp-json\/wp\/v2\/comments?post=665775"}],"version-history":[{"count":0,"href":"https:\/\/www.europesays.com\/de\/wp-json\/wp\/v2\/posts\/665775\/revisions"}],"wp:featuredmedia":[{"embeddable":true,"href":"https:\/\/www.europesays.com\/de\/wp-json\/wp\/v2\/media\/665776"}],"wp:attachment":[{"href":"https:\/\/www.europesays.com\/de\/wp-json\/wp\/v2\/media?parent=665775"}],"wp:term":[{"taxonomy":"category","embeddable":true,"href":"https:\/\/www.europesays.com\/de\/wp-json\/wp\/v2\/categories?post=665775"},{"taxonomy":"post_tag","embeddable":true,"href":"https:\/\/www.europesays.com\/de\/wp-json\/wp\/v2\/tags?post=665775"}],"curies":[{"name":"wp","href":"https:\/\/api.w.org\/{rel}","templated":true}]}}