{"id":665814,"date":"2025-12-23T03:23:13","date_gmt":"2025-12-23T03:23:13","guid":{"rendered":"https:\/\/www.europesays.com\/de\/665814\/"},"modified":"2025-12-23T03:23:13","modified_gmt":"2025-12-23T03:23:13","slug":"am-s-bahn-halt-gibt-es-unvermittelt-schlaege","status":"publish","type":"post","link":"https:\/\/www.europesays.com\/de\/665814\/","title":{"rendered":"Am S-Bahn-Halt gibt es unvermittelt Schl\u00e4ge"},"content":{"rendered":"<p><strong>Tamm<\/strong> (p). Gleich mehrere Straftaten hat ein 42-J\u00e4hriger am Sonntagmittag in einer S-Bahn auf der Fahrt von Tamm nach Stuttgart-Feuerbach begangen. Wie die Bundespolizei mitteilt, soll der Tatverd\u00e4chtige gegen 13 Uhr in einer Bahn der Linie S\u20055 auf H\u00f6he des Haltepunkts Tamm zun\u00e4chst einen 43-J\u00e4hrigen unvermittelt geschlagen und dessen Brille zerst\u00f6rt haben. Im weiteren Verlauf habe der Mann zudem eine Scheibe der S-Bahn mit einem Messer zerkratzt, so die Polizei.<\/p>\n<p>Eine aufmerksame Reisende informierte daraufhin die Bundespolizei \u00fcber den Sachverhalt. Beim Halt der S-Bahn am Bahnhof Feuerbach fl\u00fcchtete der 42-J\u00e4hrige zun\u00e4chst. Im Rahmen der eingeleiteten Fahndung wurde der Tatverd\u00e4chtig von Einsatzkr\u00e4ften der Landespolizei jedoch unweit des Bahnhofs angetroffen und der zust\u00e4ndigen Bundespolizei \u00fcbergeben.<\/p>\n<p>Bei der Durchsuchung stellten die Beamten fest, dass der Tatverd\u00e4chtige eine fremde EC-Karte sowie Bet\u00e4ubungsmittel mit sich f\u00fchrte. Nach Erfassung seiner Personalien wurde der 42-J\u00e4hrige wieder auf freien Fu\u00df entlassen.<\/p>\n","protected":false},"excerpt":{"rendered":"Tamm (p). Gleich mehrere Straftaten hat ein 42-J\u00e4hriger am Sonntagmittag in einer S-Bahn auf der Fahrt von Tamm&hellip;\n","protected":false},"author":2,"featured_media":665815,"comment_status":"","ping_status":"","sticky":false,"template":"","format":"standard","meta":{"footnotes":""},"categories":[1830],"tags":[1634,3364,29,30,1441],"class_list":{"0":"post-665814","1":"post","2":"type-post","3":"status-publish","4":"format-standard","5":"has-post-thumbnail","7":"category-stuttgart","8":"tag-baden-wuerttemberg","9":"tag-de","10":"tag-deutschland","11":"tag-germany","12":"tag-stuttgart"},"share_on_mastodon":{"url":"https:\/\/pubeurope.com\/@de\/115766742833181338","error":""},"_links":{"self":[{"href":"https:\/\/www.europesays.com\/de\/wp-json\/wp\/v2\/posts\/665814","targetHints":{"allow":["GET"]}}],"collection":[{"href":"https:\/\/www.europesays.com\/de\/wp-json\/wp\/v2\/posts"}],"about":[{"href":"https:\/\/www.europesays.com\/de\/wp-json\/wp\/v2\/types\/post"}],"author":[{"embeddable":true,"href":"https:\/\/www.europesays.com\/de\/wp-json\/wp\/v2\/users\/2"}],"replies":[{"embeddable":true,"href":"https:\/\/www.europesays.com\/de\/wp-json\/wp\/v2\/comments?post=665814"}],"version-history":[{"count":0,"href":"https:\/\/www.europesays.com\/de\/wp-json\/wp\/v2\/posts\/665814\/revisions"}],"wp:featuredmedia":[{"embeddable":true,"href":"https:\/\/www.europesays.com\/de\/wp-json\/wp\/v2\/media\/665815"}],"wp:attachment":[{"href":"https:\/\/www.europesays.com\/de\/wp-json\/wp\/v2\/media?parent=665814"}],"wp:term":[{"taxonomy":"category","embeddable":true,"href":"https:\/\/www.europesays.com\/de\/wp-json\/wp\/v2\/categories?post=665814"},{"taxonomy":"post_tag","embeddable":true,"href":"https:\/\/www.europesays.com\/de\/wp-json\/wp\/v2\/tags?post=665814"}],"curies":[{"name":"wp","href":"https:\/\/api.w.org\/{rel}","templated":true}]}}