{"id":665875,"date":"2025-12-23T04:06:30","date_gmt":"2025-12-23T04:06:30","guid":{"rendered":"https:\/\/www.europesays.com\/de\/665875\/"},"modified":"2025-12-23T04:06:30","modified_gmt":"2025-12-23T04:06:30","slug":"neustart-innenstadt-abschluss-am-bramhuegel-place-darras","status":"publish","type":"post","link":"https:\/\/www.europesays.com\/de\/665875\/","title":{"rendered":"Neustart Innenstadt \u2013 Abschluss am Bramh\u00fcgel &#038; Place d&#8217;Arras"},"content":{"rendered":"<p>\tHerten: Neustart Innenstadt \u2013 Abschluss am Bramh\u00fcgel &amp; Place d&#8217;Arras<\/p>\n<p>    <a class=\"skip-link screen-reader-text\" href=\"#content\">Zum Inhalt springen<\/a><br \/>\n    <a class=\"skip-link screen-reader-text\" href=\"#site-navigation\">Zur Navigation springen<\/a><\/p>\n<p>\t\tNeustart Innenstadt endet<br \/>\n\t\t\t\t\tUmbauten in der City, Feste, Projekte \u2013 ein Foto-R\u00fcckblick<\/p>\n<p>\t\t\t\t<a class=\"article-author__name\" href=\"https:\/\/www.hertener-allgemeine.de\/author\/harald-landgraf-2\/\" rel=\"author nofollow noopener\" target=\"_blank\">Harald Landgraf<\/a><br \/>\n\t\tRedakteur<\/p>\n<p class=\"article__teaser-text\">Zum 31. Dezember schlie\u00dft das B\u00fcro von \u201eNeustart Innenstadt\u201c in der Ewaldstra\u00dfe. Damit endet auch das Projekt mit Umbauten und Events. Ein Foto-R\u00fcckblick.<\/p>\n<p>    <a href=\"https:\/\/www.hertener-allgemeine.de\/wp-content\/uploads\/2024\/07\/25\/16\/630_0900_3962849_hal_Stadtmitarbeiter_Bramhuegel_1_-1648x824.jpg\" rel=\"nofollow noopener\" target=\"_blank\"><\/p>\n<p>            <img loading=\"lazy\" decoding=\"async\" src=\"https:\/\/www.europesays.com\/de\/wp-content\/uploads\/2025\/12\/630_0900_3962848_hal_Stadtmitarbeiter_Bramhuegel_1_-640x428.jpg\" width=\"640\" height=\"428\"  alt=\"\"\/><\/p>\n<p>    <\/a><br \/>\n    Im Juli 2024 lagen die Findlinge noch lose auf der Fl\u00e4che. Projektleiterin Sarah Loch f\u00fchrte uns damals zusammen mit Guido Hinz von der Stadt \u00fcber die Baustelle am Bramh\u00fcgel, der inwischen fertig und er\u00f6ffnet ist. (Archivbild) \u00a9 Harald Landgraf<\/p>\n<p>Wir haben festgestellt, dass Sie den Hohen Kontrast-Modus nutzen. Wir haben ihn darum auch auf unserer Seite f\u00fcr sie aktiviert:<\/p>\n<p>            Hoher Kontrast Modus\n        <\/p>\n<p>Sie k\u00f6nnen Ihn im <strong> Men\u00fc<\/strong> jederzeit ausschalten.<\/p>\n<p>    Alles klar<\/p>\n<p class=\"boxed centered\">\n\t\tSie sind bereits registriert?<br \/><a href=\"https:\/\/www.hertener-allgemeine.de\/login\/?redirect_to=http:\/\/herten\/herten-neustart-innenstadt-bramhuegel-place-d-arras-gruenflaechen-klimapreis-2025-w1113803-8001151438\" rel=\"nofollow noopener\" target=\"_blank\">Hier einloggen<\/a>\n\t<\/p>\n","protected":false},"excerpt":{"rendered":"Herten: Neustart Innenstadt \u2013 Abschluss am Bramh\u00fcgel &amp; Place d&#8217;Arras Zum Inhalt springen Zur Navigation springen Neustart Innenstadt&hellip;\n","protected":false},"author":2,"featured_media":665876,"comment_status":"","ping_status":"","sticky":false,"template":"","format":"standard","meta":{"footnotes":""},"categories":[1848],"tags":[3364,29,4289,548,663,3934,3658,30,13,33058,14,15,1209,12],"class_list":{"0":"post-665875","1":"post","2":"type-post","3":"status-publish","4":"format-standard","5":"has-post-thumbnail","7":"category-gelsenkirchen","8":"tag-de","9":"tag-deutschland","10":"tag-einkaufen","11":"tag-eu","12":"tag-europa","13":"tag-europe","14":"tag-gelsenkirchen","15":"tag-germany","16":"tag-headlines","17":"tag-herten-westfalen","18":"tag-nachrichten","19":"tag-news","20":"tag-nordrhein-westfalen","21":"tag-schlagzeilen"},"share_on_mastodon":{"url":"https:\/\/pubeurope.com\/@de\/115766912392603715","error":""},"_links":{"self":[{"href":"https:\/\/www.europesays.com\/de\/wp-json\/wp\/v2\/posts\/665875","targetHints":{"allow":["GET"]}}],"collection":[{"href":"https:\/\/www.europesays.com\/de\/wp-json\/wp\/v2\/posts"}],"about":[{"href":"https:\/\/www.europesays.com\/de\/wp-json\/wp\/v2\/types\/post"}],"author":[{"embeddable":true,"href":"https:\/\/www.europesays.com\/de\/wp-json\/wp\/v2\/users\/2"}],"replies":[{"embeddable":true,"href":"https:\/\/www.europesays.com\/de\/wp-json\/wp\/v2\/comments?post=665875"}],"version-history":[{"count":0,"href":"https:\/\/www.europesays.com\/de\/wp-json\/wp\/v2\/posts\/665875\/revisions"}],"wp:featuredmedia":[{"embeddable":true,"href":"https:\/\/www.europesays.com\/de\/wp-json\/wp\/v2\/media\/665876"}],"wp:attachment":[{"href":"https:\/\/www.europesays.com\/de\/wp-json\/wp\/v2\/media?parent=665875"}],"wp:term":[{"taxonomy":"category","embeddable":true,"href":"https:\/\/www.europesays.com\/de\/wp-json\/wp\/v2\/categories?post=665875"},{"taxonomy":"post_tag","embeddable":true,"href":"https:\/\/www.europesays.com\/de\/wp-json\/wp\/v2\/tags?post=665875"}],"curies":[{"name":"wp","href":"https:\/\/api.w.org\/{rel}","templated":true}]}}