{"id":665911,"date":"2025-12-23T04:27:12","date_gmt":"2025-12-23T04:27:12","guid":{"rendered":"https:\/\/www.europesays.com\/de\/665911\/"},"modified":"2025-12-23T04:27:12","modified_gmt":"2025-12-23T04:27:12","slug":"deutsche-und-franzoesische-milchindustrie-chinesische-eu-zoelle-sind-harter-schlag","status":"publish","type":"post","link":"https:\/\/www.europesays.com\/de\/665911\/","title":{"rendered":"Deutsche und franz\u00f6sische Milchindustrie: Chinesische EU-Z\u00f6lle sind &#8222;harter Schlag&#8220;"},"content":{"rendered":"<p>      Deutsche und franz\u00f6sische Milchindustrie: Chinesische EU-Z\u00f6lle sind &#8222;harter Schlag&#8220;<\/p>\n<p>            Kopiere den aktuellen Link<\/p>\n<p>          Zur Merkliste hinzuf\u00fcgen<\/p>\n<p>Nach der Ank\u00fcndigung Chinas, vorl\u00e4ufige Z\u00f6lle in H\u00f6he von bis zu 42,7 Prozent auf Milchprodukte aus der EU zu verh\u00e4ngen, haben die deutsche und die franz\u00f6sische Milchindustrie besorgt reagiert. F\u00fcr die betroffenen Unternehmen sei es &#8222;ein harter Schlag, wenn nun das Doppelte oder gar F\u00fcnffache an Zollgeb\u00fchren f\u00e4llig werden&#8220;, erkl\u00e4rte der Milchindustrie-Verband in Berlin gegen\u00fcber der Nachrichtenagentur AFP am Montag. Frankreichs Milchindustrie sprach von &#8222;einem Schock&#8220; f\u00fcr franz\u00f6sische K\u00e4se- und Sahneexporteure.<\/p>\n<p class=\"typo-body-sc-md is-initial\">Zwischen Deutschland und <a class=\"taxonomy-entity place\" data-target-type=\"article\" href=\"https:\/\/www.stern.de\/politik\/ausland\/themen\/china-4191934.html\" target=\"_blank\" rel=\"noopener\">China<\/a> h\u00e4tten sich in der Vergangenheit &#8222;zuverl\u00e4ssige und vertrauensvolle Handelsbeziehungen \u00fcber hochwertige Milcherzeugnisse und Zutaten f\u00fcr den chinesischen Markt entwickelt&#8220;, erkl\u00e4rte Roderik Wickert, Sprecher des Milchindustrie-Verbandes, gegen\u00fcber AFP. &#8222;Diese sind nun ein wenig eingetr\u00fcbt.&#8220; Er verwies auf die ohnehin schon angespannte Lage auf dem Markt. Zugleich betonte er, es seien &#8222;nur wenige Milchprodukte betroffen&#8220;. \u00a0\u00a0<\/p>\n<p class=\"typo-body-sc-md\">Im Zusammenhang mit einer Anti-Subventionsuntersuchung will China einige Milchprodukte aus der <a class=\"taxonomy-entity organization\" data-target-type=\"article\" href=\"https:\/\/www.stern.de\/politik\/ausland\/themen\/eu-4540782.html\" target=\"_blank\" rel=\"noopener\">Europ\u00e4ischen Union<\/a> vorl\u00e4ufig mit hohen Z\u00f6llen belegen. F\u00fcr verschiedene Milcherzeugnisse wie etwa Frisch- und Blauschimmelk\u00e4se werde ab Dienstag eine Sicherheitsleistung in H\u00f6he von 21,9 Prozent bis zu 42,7 Prozent f\u00e4llig, erkl\u00e4rte das Handelsministerium in Peking am Montag. Vorl\u00e4ufige Ergebnisse der Untersuchung h\u00e4tten einen Zusammenhang zwischen EU-Subventionen und &#8222;erheblichen Sch\u00e4den&#8220; f\u00fcr die heimische Milchwirtschaft aufgezeigt.<\/p>\n<p class=\"typo-body-sc-md\">&#8222;Das ist ein Schock, ein schwerer Schlag (&#8230;) insbesondere f\u00fcr den Konzern Savencia&#8220;, einen der wichtigsten europ\u00e4ischen Exporteure von Sahne nach China, erkl\u00e4rte Fran\u00e7ois-Xavier Huard, CEO des franz\u00f6sischen Milchverbandes, der Unternehmen wie Lactalis, Danone oder Bel vertritt, gegen\u00fcber AFP.<\/p>\n<p class=\"typo-body-sc-md\">Chinesische Beh\u00f6rden hatten die Untersuchung zu Milchproduktimporten im August 2024 in die Wege geleitet und dies mit einem Gesuch des heimischen Milchbranchenverbandes begr\u00fcndet. Die Untersuchung galt als Reaktion auf das von der EU eingeleitete Antidumping-Verfahren zu staatlichen Subventionen f\u00fcr chinesische Elektroautos und soll im Februar enden.\u00a0<\/p>\n<p class=\"typo-body-sc-md\">Die EU wies die chinesischen Angaben am Montag zur\u00fcck. Nach Einsch\u00e4tzung der EU beruhe die chinesische Untersuchung &#8222;auf fragw\u00fcrdigen Behauptungen und unzureichenden Beweisen&#8220;, weshalb die Ma\u00dfnahmen &#8222;ungerechtfertigt&#8220; seien, erkl\u00e4rte ein Sprecher der EU-Kommission.<\/p>\n<p class=\"typo-body-sc-md\">In der vergangenen Woche hatte Peking bereits bislang vorl\u00e4ufige <a class=\"taxonomy-entity keyword\" data-target-type=\"article\" href=\"https:\/\/www.stern.de\/panorama\/themen\/zoll-4540622.html\" target=\"_blank\" rel=\"noopener\">Z\u00f6lle<\/a> auf Schweinefleisch aus der EU f\u00fcr f\u00fcnf Jahre verl\u00e4ngert. Dabei senkte das Land die Zolls\u00e4tze jedoch deutlich auf S\u00e4tze in H\u00f6he von 4,9 bis 19,8 Prozent. Im September hatte China zun\u00e4chst Aufschl\u00e4ge in H\u00f6he von 15,6 bis 62,4 Prozent verh\u00e4ngt.<\/p>\n<p>\n    AFP\n  <\/p>\n","protected":false},"excerpt":{"rendered":"Deutsche und franz\u00f6sische Milchindustrie: Chinesische EU-Z\u00f6lle sind &#8222;harter Schlag&#8220; Kopiere den aktuellen Link Zur Merkliste hinzuf\u00fcgen Nach der&hellip;\n","protected":false},"author":2,"featured_media":665912,"comment_status":"","ping_status":"","sticky":false,"template":"","format":"standard","meta":{"footnotes":""},"categories":[3933],"tags":[331,332,548,663,158,3934,3935,13,14,15,12],"class_list":{"0":"post-665911","1":"post","2":"type-post","3":"status-publish","4":"format-standard","5":"has-post-thumbnail","7":"category-eu","8":"tag-aktuelle-nachrichten","9":"tag-aktuelle-news","10":"tag-eu","11":"tag-europa","12":"tag-europaeische-union","13":"tag-europe","14":"tag-european-union","15":"tag-headlines","16":"tag-nachrichten","17":"tag-news","18":"tag-schlagzeilen"},"share_on_mastodon":{"url":"https:\/\/pubeurope.com\/@de\/115766994203271970","error":""},"_links":{"self":[{"href":"https:\/\/www.europesays.com\/de\/wp-json\/wp\/v2\/posts\/665911","targetHints":{"allow":["GET"]}}],"collection":[{"href":"https:\/\/www.europesays.com\/de\/wp-json\/wp\/v2\/posts"}],"about":[{"href":"https:\/\/www.europesays.com\/de\/wp-json\/wp\/v2\/types\/post"}],"author":[{"embeddable":true,"href":"https:\/\/www.europesays.com\/de\/wp-json\/wp\/v2\/users\/2"}],"replies":[{"embeddable":true,"href":"https:\/\/www.europesays.com\/de\/wp-json\/wp\/v2\/comments?post=665911"}],"version-history":[{"count":0,"href":"https:\/\/www.europesays.com\/de\/wp-json\/wp\/v2\/posts\/665911\/revisions"}],"wp:featuredmedia":[{"embeddable":true,"href":"https:\/\/www.europesays.com\/de\/wp-json\/wp\/v2\/media\/665912"}],"wp:attachment":[{"href":"https:\/\/www.europesays.com\/de\/wp-json\/wp\/v2\/media?parent=665911"}],"wp:term":[{"taxonomy":"category","embeddable":true,"href":"https:\/\/www.europesays.com\/de\/wp-json\/wp\/v2\/categories?post=665911"},{"taxonomy":"post_tag","embeddable":true,"href":"https:\/\/www.europesays.com\/de\/wp-json\/wp\/v2\/tags?post=665911"}],"curies":[{"name":"wp","href":"https:\/\/api.w.org\/{rel}","templated":true}]}}