{"id":665954,"date":"2025-12-23T04:53:33","date_gmt":"2025-12-23T04:53:33","guid":{"rendered":"https:\/\/www.europesays.com\/de\/665954\/"},"modified":"2025-12-23T04:53:33","modified_gmt":"2025-12-23T04:53:33","slug":"silvester-in-stuttgart-boellerverbot-in-der-city-doch-was-gilt-in-den-stadtbezirken","status":"publish","type":"post","link":"https:\/\/www.europesays.com\/de\/665954\/","title":{"rendered":"Silvester in Stuttgart: B\u00f6llerverbot in der City \u2013 doch was gilt in den Stadtbezirken?"},"content":{"rendered":"<p>Wie werden eine 17-J\u00e4hrige vom Fasanenhof, ein 59-J\u00e4hriger und eine 21-J\u00e4hrige in Untert\u00fcrkheim diesmal auf <a href=\"https:\/\/www.stuttgarter-zeitung.de\/thema\/Silvester\" title=\"Silvester\" class=\"art_thema\" target=\"_blank\" rel=\"noopener\">Silvester<\/a> blicken? Die Jugendliche war von einer Silvesterrakete am Kopf getroffen und schwer verletzt worden, <a href=\"https:\/\/www.stuttgarter-zeitung.de\/inhalt.stuttgarter-polizei-sucht-taeter-16-jaehrige-mit-raketen-beschossen-und-schwer-verletzt.8155bb30-1803-4bdc-8038-09ce56a053e5.html\" target=\"_blank\" rel=\"noopener\">offenbar absichtlich von einem Trio abgefeuert<\/a>. Der Mann bekam im Hopfengarten in Untert\u00fcrkheim einen B\u00f6ller in die Kapuze gesteckt, der an seinem rechten Ohr explodierte. Die junge Frau wurde in der Augsburger Stra\u00dfe <a href=\"https:\/\/www.stuttgarter-zeitung.de\/inhalt.weitere-frau-von-rakete-am-kopf-getroffen-zahl-der-silvester-schwerverletzten-in-stuttgart-steigt.d46380de-ba6c-41bc-a579-a3613d5cf4c0.html\" target=\"_blank\" rel=\"noopener\">von einer Rakete am Kopf schwer verletzt<\/a>. Immerhin konnte ein 26-J\u00e4hriger ermittelt werden, der wegen gef\u00e4hrlicher K\u00f6rperverletzung in U-Haft landete. <a href=\"https:\/\/www.stuttgarter-zeitung.de\/thema\/Silvester\" target=\"_blank\" rel=\"noopener\">Wie wird Silvester diesmal?<\/a> <\/p>\n<p>F\u00fcr den Stadtkern innerhalb des sogenannten Cityrings ist laut Oberb\u00fcrgermeister Frank Nopper alles klar: \u201eWir haben dort das nach dem geltenden Recht von Bund und Land <a href=\"https:\/\/www.stuttgarter-zeitung.de\/inhalt.kein-feuerwerk-in-stuttgarts-innenstadt-boellern-an-silvester-kann-teuer-werden.af970c8c-1843-4ba6-8aa2-979148a62099.html\" target=\"_blank\" rel=\"noopener\">maximal m\u00f6gliche Feuerwerksverbot <\/a>ausgesprochen.\u201c Das hei\u00dft: Keine B\u00f6ller, keine Raketen. H\u00f6chstens Knallerbsen, Brummkreisel oder Wunderkerzen. Feuerwerksk\u00f6rper dagegen d\u00fcrfen nicht einmal mitgebracht werden. Die w\u00fcrden beschlagnahmt und unbrauchbar gemacht. Eine Geldbu\u00dfe zwischen 200 und 5000 Euro kommt obendrauf. <\/p>\n<p>Das war schon in den vergangenen Jahren so \u2013 diesmal allerdings ohne Lightshow auf dem Schlossplatz. Mit Absperrungen und Zugangskontrollen durch private Sicherheitsdienste hatte man so die wilden B\u00f6llereien und Feuergefechte nahezu eind\u00e4mmen k\u00f6nnen. Das zeigen <a href=\"https:\/\/www.stuttgarter-zeitung.de\/inhalt.boeller-oder-raketen-im-suedwesten-zoll-warnt-vor-illegalem-feuerwerk-diese-strafen-drohen.93e5c195-d28d-4a5e-820f-9e9e6e07c7a6.html\" target=\"_blank\" rel=\"noopener\">Bu\u00dfgeld-Zahlen des Ordnungsamts<\/a>: Zu Neujahr 2023 waren 73 S\u00fcnder erwischt worden, die eine Geldbu\u00dfe von 200 Euro zahlen mussten. An Neujahr 2024 gab es nur noch neun solcher Ordnungswidrigkeitenverfahren. An Neujahr 2025 gar nur noch sieben. \u201eEs ist gut zu sehen, dass die Vorgaben mehr Beachtung finden und weniger geahndet werden muss\u201c, sagt Stadtsprecher Sven Matis. <\/p>\n<p>  <img decoding=\"async\" loading=\"lazy\" src=\"https:\/\/www.europesays.com\/de\/wp-content\/uploads\/2025\/12\/media.media.80fa366f-d488-49db-aaea-1b00e3dc5a93.original1024.media.jpeg\"\/>    <a href=\"https:\/\/www.stuttgarter-zeitung.de\/thema\/Feuerwerk\" title=\"Feuerwerk\" class=\"art_thema\" target=\"_blank\" rel=\"noopener\">Feuerwerk<\/a> \u2013 wie hier zum Jahreswechsel 2023\/2024 \u2013 ist in   <a href=\"https:\/\/www.stuttgarter-zeitung.de\/thema\/Stuttgart\" title=\"Stuttgart\" class=\"art_thema\" target=\"_blank\" rel=\"noopener\">Stuttgart<\/a> umstritten. (Archivbild)    Foto: dpa    <\/p>\n<p>F\u00fcr OB Nopper steht da aber auch der Bund in der Pflicht: Es m\u00fcsse \u00fcber eine teilweise Versch\u00e4rfung des Sprengstoffrechts \u201edurch ein Verkaufsverbot von extrem lauten und besonders gef\u00e4hrlichen Feuerwerksk\u00f6rpern intensiv nachgedacht werden\u201c, so Nopper in einer Presserkl\u00e4rung am Montag \u2013 eine Woche vor dem offiziellen Verkauf der Feuerwerksk\u00f6rper am 29. Dezember. <\/p>\n<p>Heilbronn als Vorbild \u2013 Nein in Stuttgart dagegen \u201everantwortungslos\u201c <\/p>\n<p>Zum Bedauern der Fraktion Die Linken S\u00d6S plus und der Gemeinderatsgruppierung Puls kehrt Nopper aber nicht konsequent vor der eigenen Haust\u00fcr. Denn ihren Antrag auf ein B\u00f6llerverbot in \u201eallen Stadtgebieten mit Wohnraum\u201c hat der OB mittlerweile abgewiesen. \u201eWir m\u00fcssen diese Entscheidung akzeptieren, halten sie jedoch im Angesicht wiederholter Verletzter durch Knallk\u00f6rper und zahlreicher Notarzteins\u00e4tze an Silvester und Neujahr f\u00fcr verantwortungslos\u201c, kommentiert <a href=\"https:\/\/www.stuttgarter-zeitung.de\/inhalt.sparideen-zum-haushalt-in-stuttgart-gruppe-puls-will-abgabe-auf-jede-mass-so-viel-sollen-volksfest-besucher-zahlen.a971a438-de7f-485d-aec1-e5f53dbf5829.html\" target=\"_blank\" rel=\"noopener\">die Gruppierung Puls<\/a>. Die Stadt Heilbronn sei bei diesem Thema Vorbild. Sie habe pyrotechnische Gegenst\u00e4nde mit ausschlie\u00dflicher Knallwirkung in bewohnten Stadtgebieten untersagt. Dieses Verbot diene dem L\u00e4rm- und Gesundheitsschutz von Menschen und Tieren.<\/p>\n<p>Dem Vernehmen nach argumentieren der OB und die Ortspolizeibeh\u00f6rde damit, dass <a href=\"https:\/\/www.stuttgarter-zeitung.de\/inhalt.ab-wann-boellern-silvester-2024-mhsd.c5f2c130-5877-47fd-bebd-f8224f065bb9.html\" target=\"_blank\" rel=\"noopener\">das Sprengstoffrecht<\/a> zwischen B\u00f6llern und Raketen sowie zwischen dicht besiedelten Stadtgebieten und Teilen mit eher d\u00f6rflichem Charakter unterscheidet. Eine kleinteilige, stadtteilbezogene Pr\u00fcfung durch Ordnungsamt, Baurechtsbeh\u00f6rde, Stadtplanungsamt und Vollzugsdienst w\u00e4re mit erheblichem Aufwand verbunden, f\u00fcr den es keine personellen Kapazit\u00e4ten gebe. Dass ein solches Verbot nur f\u00fcr B\u00f6ller, nicht aber f\u00fcr Raketen gelte, sei zudem nur schwer zu vermitteln und zu kontrollieren. <\/p>\n<p> Hund erschn\u00fcffelte in Stuttgart einen abgerissenen Finger <\/p>\n<p>Dabei bedeutet Silvester Schwerstarbeit f\u00fcr Feuerwehr und Rettungsdienst. Beim letzten Jahreswechsel gab es knapp 100 Brandeins\u00e4tze. Und zahlreiche Verletzte durch Feuerwerksk\u00f6rper. Notaufnahme und Augenklinik des Klinikums Stuttgart z\u00e4hlten mehr als 80 Patienten, fast 30 mit schweren Augenverletzungen. Allein im Marienhospital gab es drei Verletzte mit amputierten Fingern. Besonders eindr\u00fccklich dabei der Fall eines 33-J\u00e4hrigen, der im Stuttgarter Westen zwei Finger verlor. Einer davon wurde sp\u00e4ter <a href=\"https:\/\/www.stuttgarter-zeitung.de\/inhalt.boeller-unfall-in-stuttgart-hund-carlo-findet-einen-finger-die-polizei-loest-den-bizarren-fall.0b38b106-038b-4be1-99a6-56d503e6f063.html\" target=\"_blank\" rel=\"noopener\">von einem Hund auf dem Gehweg aufgesp\u00fcrt<\/a>. Daraus wurde ein Fahndungsfall f\u00fcr die Polizei. <\/p>\n<p>Die Stuttgarter Beamten werden insbesondere den Schlossplatz neu ins Visier nehmen m\u00fcssen. Schon bei der Entscheidung des Gemeinderats im Herbst, dass die zentrale Silvesterfeier und Lightshow ausfallen muss, weil man sich die 952.000 Euro f\u00fcrs Fest nicht leisten k\u00f6nne, <a href=\"https:\/\/www.stuttgarter-zeitung.de\/inhalt.silvester-auf-dem-schlossplatz-grosse-party-auf-der-kippe-polizei-prophezeit-pyrotechnische-anschlaege.bbd2ac31-2294-4595-ba76-cff01682e2fc.html\" target=\"_blank\" rel=\"noopener\">hatte die Polizei gewarnt<\/a>. Man sei nicht in der Lage, bei bis zu 30.000 Menschen ein B\u00f6llerverbot ohne Veranstaltung l\u00fcckenlos durchzusetzen. Das sagte der Polizeivizepr\u00e4sident Carsten H\u00f6fler, der zum Jahreswechsel zum Landespolizeidirektor im Innenministerium aufsteigt. Wie es derzeit ausschaut, sollen immerhin die Landesfl\u00e4chen des Schlossplatzes doch mit Gittern abgesperrt und von einem Sicherheitsdienst kontrolliert werden.<\/p>\n","protected":false},"excerpt":{"rendered":"Wie werden eine 17-J\u00e4hrige vom Fasanenhof, ein 59-J\u00e4hriger und eine 21-J\u00e4hrige in Untert\u00fcrkheim diesmal auf Silvester blicken? Die&hellip;\n","protected":false},"author":2,"featured_media":665955,"comment_status":"","ping_status":"","sticky":false,"template":"","format":"standard","meta":{"footnotes":""},"categories":[1830],"tags":[1634,60948,3364,29,4851,30,18072,2281,1441,85897],"class_list":{"0":"post-665954","1":"post","2":"type-post","3":"status-publish","4":"format-standard","5":"has-post-thumbnail","7":"category-stuttgart","8":"tag-baden-wuerttemberg","9":"tag-boellerverbot","10":"tag-de","11":"tag-deutschland","12":"tag-feuerwerk","13":"tag-germany","14":"tag-polizei-stuttgart","15":"tag-silvester","16":"tag-stuttgart","17":"tag-textmanager"},"share_on_mastodon":{"url":"https:\/\/pubeurope.com\/@de\/115767097359178865","error":""},"_links":{"self":[{"href":"https:\/\/www.europesays.com\/de\/wp-json\/wp\/v2\/posts\/665954","targetHints":{"allow":["GET"]}}],"collection":[{"href":"https:\/\/www.europesays.com\/de\/wp-json\/wp\/v2\/posts"}],"about":[{"href":"https:\/\/www.europesays.com\/de\/wp-json\/wp\/v2\/types\/post"}],"author":[{"embeddable":true,"href":"https:\/\/www.europesays.com\/de\/wp-json\/wp\/v2\/users\/2"}],"replies":[{"embeddable":true,"href":"https:\/\/www.europesays.com\/de\/wp-json\/wp\/v2\/comments?post=665954"}],"version-history":[{"count":0,"href":"https:\/\/www.europesays.com\/de\/wp-json\/wp\/v2\/posts\/665954\/revisions"}],"wp:featuredmedia":[{"embeddable":true,"href":"https:\/\/www.europesays.com\/de\/wp-json\/wp\/v2\/media\/665955"}],"wp:attachment":[{"href":"https:\/\/www.europesays.com\/de\/wp-json\/wp\/v2\/media?parent=665954"}],"wp:term":[{"taxonomy":"category","embeddable":true,"href":"https:\/\/www.europesays.com\/de\/wp-json\/wp\/v2\/categories?post=665954"},{"taxonomy":"post_tag","embeddable":true,"href":"https:\/\/www.europesays.com\/de\/wp-json\/wp\/v2\/tags?post=665954"}],"curies":[{"name":"wp","href":"https:\/\/api.w.org\/{rel}","templated":true}]}}