{"id":665964,"date":"2025-12-23T05:00:14","date_gmt":"2025-12-23T05:00:14","guid":{"rendered":"https:\/\/www.europesays.com\/de\/665964\/"},"modified":"2025-12-23T05:00:14","modified_gmt":"2025-12-23T05:00:14","slug":"von-weissenstadt-nach-muenchen-jeden-tag-eine-neue-herausforderung-oberfranken","status":"publish","type":"post","link":"https:\/\/www.europesays.com\/de\/665964\/","title":{"rendered":"Von Wei\u00dfenstadt nach M\u00fcnchen: Jeden Tag eine neue Herausforderung &#8211; Oberfranken"},"content":{"rendered":"<p>Die Personaldecke bei der bayerischen <a href=\"https:\/\/www.frankenpost.de\/thema\/SPD\" title=\"SPD\" class=\"art_thema\" rel=\"nofollow noopener\" target=\"_blank\">SPD<\/a> ist d\u00fcnn geworden. So d\u00fcnn, dass es <a href=\"https:\/\/www.frankenpost.de\/thema\/Holger_Grie%C3%9Fhammer\" title=\"Holger Grie\u00dfhammer\" class=\"art_thema\" rel=\"nofollow noopener\" target=\"_blank\">Holger Grie\u00dfhammer<\/a> beinahe doppelt gebraucht h\u00e4tte. Lange hat es so ausgesehen, als ob er neben seinem Job als Fraktionschef im Landtag auch noch in seinem Heimatlandkreis Wunsiedel den Landratskandidaten geben m\u00fcsste. \u00dcber Monate fand die \u00f6rtliche SPD im einst tiefroten Landkreis niemanden, der kandidieren wollte. \u201eDas ist f\u00fcr mich schon bitter\u201c, seufzte Grie\u00dfhammer vor wenigen Wochen. Als SPD-Kreisvorsitzender sei er nat\u00fcrlich gefragt worden, \u201eaber ich habe meine Aufgabe jetzt in M\u00fcnchen\u201c. Immerhin, nach langer Suche liegt mit Wieland Schletz nun doch ein SPD-Kandidat unterm Weihnachtsbaum.<\/p>\n","protected":false},"excerpt":{"rendered":"Die Personaldecke bei der bayerischen SPD ist d\u00fcnn geworden. So d\u00fcnn, dass es Holger Grie\u00dfhammer beinahe doppelt gebraucht&hellip;\n","protected":false},"author":2,"featured_media":665965,"comment_status":"","ping_status":"","sticky":false,"template":"","format":"standard","meta":{"footnotes":""},"categories":[1827],"tags":[10596,772,29,35628,30,113132,1268,2403,184,88518],"class_list":{"0":"post-665964","1":"post","2":"type-post","3":"status-publish","4":"format-standard","5":"has-post-thumbnail","7":"category-muenchen","8":"tag-bayerischer-landtag","9":"tag-bayern","10":"tag-deutschland","11":"tag-fraktionsvorsitz","12":"tag-germany","13":"tag-holger-griesshammer","14":"tag-muenchen","15":"tag-partei","16":"tag-spd","17":"tag-spd-bayern"},"share_on_mastodon":{"url":"https:\/\/pubeurope.com\/@de\/115767123871007503","error":""},"_links":{"self":[{"href":"https:\/\/www.europesays.com\/de\/wp-json\/wp\/v2\/posts\/665964","targetHints":{"allow":["GET"]}}],"collection":[{"href":"https:\/\/www.europesays.com\/de\/wp-json\/wp\/v2\/posts"}],"about":[{"href":"https:\/\/www.europesays.com\/de\/wp-json\/wp\/v2\/types\/post"}],"author":[{"embeddable":true,"href":"https:\/\/www.europesays.com\/de\/wp-json\/wp\/v2\/users\/2"}],"replies":[{"embeddable":true,"href":"https:\/\/www.europesays.com\/de\/wp-json\/wp\/v2\/comments?post=665964"}],"version-history":[{"count":0,"href":"https:\/\/www.europesays.com\/de\/wp-json\/wp\/v2\/posts\/665964\/revisions"}],"wp:featuredmedia":[{"embeddable":true,"href":"https:\/\/www.europesays.com\/de\/wp-json\/wp\/v2\/media\/665965"}],"wp:attachment":[{"href":"https:\/\/www.europesays.com\/de\/wp-json\/wp\/v2\/media?parent=665964"}],"wp:term":[{"taxonomy":"category","embeddable":true,"href":"https:\/\/www.europesays.com\/de\/wp-json\/wp\/v2\/categories?post=665964"},{"taxonomy":"post_tag","embeddable":true,"href":"https:\/\/www.europesays.com\/de\/wp-json\/wp\/v2\/tags?post=665964"}],"curies":[{"name":"wp","href":"https:\/\/api.w.org\/{rel}","templated":true}]}}