{"id":666026,"date":"2025-12-23T05:36:14","date_gmt":"2025-12-23T05:36:14","guid":{"rendered":"https:\/\/www.europesays.com\/de\/666026\/"},"modified":"2025-12-23T05:36:14","modified_gmt":"2025-12-23T05:36:14","slug":"scheinheilige-nacht-im-jovel-antenne-muenster","status":"publish","type":"post","link":"https:\/\/www.europesays.com\/de\/666026\/","title":{"rendered":"Scheinheilige Nacht im Jovel &#8211; Antenne M\u00fcnster"},"content":{"rendered":"<p class=\"small date article__date\">Ver\u00f6ffentlicht:\u00a0Dienstag, 23.12.2025 06:00<\/p>\n<p>Es ist traditionell die Alternative f\u00fcr Menschen in M\u00fcnster, die an Heilig Abend irgendwann weg wollen von der Familie: die Weihnachtsparty am Albersloher Weg.<\/p>\n<p><img decoding=\"async\" alt=\"\" src=\"https:\/\/www.europesays.com\/de\/wp-content\/uploads\/2025\/12\/jovel.jpg&#038;crop=0x81x2048x1280&#038;resize=1280x800&#038;dt=202006181629440.jpeg\" data-size=\"1280x800\"\/>\u00a9 Jovel Music Hall <\/p>\n<p>Heilig Abend &#8211; die Zeit der Besinnlichkeit und der Familie. Man kehrt vielleicht nach langer Zeit wieder in die Heimat zur\u00fcck, zu den Eltern, zur Familie. Wenn ihr aber irgendwann vielleicht auch wieder genug habt von der Familie, bietet das Jovel am Albersloher Weg an Heilig Abend (24.12.) traditionell eine gute Anlaufstelle: die &#8222;Scheinheilige Nacht&#8220;.<\/p>\n<p>Ab 22 Uhr \u00f6ffnet der Club seine Tore f\u00fcr die &#8222;Scheinheilige Nacht&#8220;. Bis 5 Uhr morgens k\u00f6nnt ihr euch da auf dem Dancefloor auslassen und den vielleicht \u00fcblichen Familienstreit zu Weihnachten vergessen. Tickets gibt&#8217;s f\u00fcr 14 Euro pro Person &#8211; auch jetzt schon online im Vorverkauf auf der <a href=\"https:\/\/jovel.de\/tc-events\/scheinheilige-nacht-2-0-die-club-edition\/\" rel=\"noopener noreferrer nofollow\" target=\"_blank\">Homepage des Jovels<\/a>.<\/p>\n","protected":false},"excerpt":{"rendered":"Ver\u00f6ffentlicht:\u00a0Dienstag, 23.12.2025 06:00 Es ist traditionell die Alternative f\u00fcr Menschen in M\u00fcnster, die an Heilig Abend irgendwann weg&hellip;\n","protected":false},"author":2,"featured_media":666027,"comment_status":"","ping_status":"","sticky":false,"template":"","format":"standard","meta":{"footnotes":""},"categories":[1843],"tags":[17344,3364,29,30,8970,1209],"class_list":{"0":"post-666026","1":"post","2":"type-post","3":"status-publish","4":"format-standard","5":"has-post-thumbnail","7":"category-muenster","8":"tag-mnstertipp","9":"tag-de","10":"tag-deutschland","11":"tag-germany","12":"tag-muenster","13":"tag-nordrhein-westfalen"},"share_on_mastodon":{"url":"https:\/\/pubeurope.com\/@de\/115767266555763823","error":""},"_links":{"self":[{"href":"https:\/\/www.europesays.com\/de\/wp-json\/wp\/v2\/posts\/666026","targetHints":{"allow":["GET"]}}],"collection":[{"href":"https:\/\/www.europesays.com\/de\/wp-json\/wp\/v2\/posts"}],"about":[{"href":"https:\/\/www.europesays.com\/de\/wp-json\/wp\/v2\/types\/post"}],"author":[{"embeddable":true,"href":"https:\/\/www.europesays.com\/de\/wp-json\/wp\/v2\/users\/2"}],"replies":[{"embeddable":true,"href":"https:\/\/www.europesays.com\/de\/wp-json\/wp\/v2\/comments?post=666026"}],"version-history":[{"count":0,"href":"https:\/\/www.europesays.com\/de\/wp-json\/wp\/v2\/posts\/666026\/revisions"}],"wp:featuredmedia":[{"embeddable":true,"href":"https:\/\/www.europesays.com\/de\/wp-json\/wp\/v2\/media\/666027"}],"wp:attachment":[{"href":"https:\/\/www.europesays.com\/de\/wp-json\/wp\/v2\/media?parent=666026"}],"wp:term":[{"taxonomy":"category","embeddable":true,"href":"https:\/\/www.europesays.com\/de\/wp-json\/wp\/v2\/categories?post=666026"},{"taxonomy":"post_tag","embeddable":true,"href":"https:\/\/www.europesays.com\/de\/wp-json\/wp\/v2\/tags?post=666026"}],"curies":[{"name":"wp","href":"https:\/\/api.w.org\/{rel}","templated":true}]}}