{"id":666031,"date":"2025-12-23T05:39:12","date_gmt":"2025-12-23T05:39:12","guid":{"rendered":"https:\/\/www.europesays.com\/de\/666031\/"},"modified":"2025-12-23T05:39:12","modified_gmt":"2025-12-23T05:39:12","slug":"feuerwehr-wuelfrath-wirbt-auf-broetchentueten-um-neue-mitglieder","status":"publish","type":"post","link":"https:\/\/www.europesays.com\/de\/666031\/","title":{"rendered":"Feuerwehr W\u00fclfrath wirbt auf Br\u00f6tchent\u00fcten um neue Mitglieder"},"content":{"rendered":"<p class=\"text_ohne_einzug richtext text-em-55 !leading-serif mx-6 desktop:mx-0\">  Was haben Br\u00f6tchen und Mitglieder der Freiwilligen <a href=\"https:\/\/rp-online.de\/thema\/feuerwehr\/\" rel=\"nofollow noopener\" target=\"_blank\">Feuerwehr<\/a> <a href=\"https:\/\/rp-online.de\/thema\/wuelfrath\/\" rel=\"nofollow noopener\" target=\"_blank\">W\u00fclfrath<\/a> gemeinsam? Den Teigrohlingen wird im Ofen und den Brandbek\u00e4mpfern beim Kampf gegen Flammen ziemlich eingeheizt. Seit Kurzem gibt es aber noch eine Parallele: Denn die Feuerwehr geht bei ihrer Suche nach neuen Mitgliedern auch kreative Wege und wirbt nun mit dem Aufruf \u201eWir suchen dich \u2013 werde Teil des Teams\u201c auf Br\u00f6tchent\u00fcten, um M\u00e4nner und Frauen zwischen 18 und 65 Jahren f\u00fcr den ehrenamtlichen Dienst in der Wehr zu begeistern. Zu sehen sind darauf zwei Feuerwehrmitglieder in voller Montur beim Einsatz.<\/p>\n<p class=\"richtext text-em-55 !leading-serif mx-6 desktop:mx-0\">Zum Start der Aktion \u00fcberreichte der Leiter der Feuerwehr, Benjamin Hann, die ersten T\u00fcten an die B\u00e4ckerei Richard Schmitz. Dabei betonte der Familienbetrieb, dass die Familie diese Werbung gerne unterst\u00fctze, da die Feuerwehr f\u00fcr die Gefahrenabwehr und Hilfeleistung in der Stadt unverzichtbar und der ehrenamtliche Einsatz der Feuerwehrleute besonders wertzusch\u00e4tzen sei. Neben der B\u00e4ckerei Schmitz beteiligen sich auch die B\u00e4ckerei Evertzberg und Tankstellen in W\u00fclfrath an der Werbeaktion. Insgesamt hat die Feuerwehr 20.000 Br\u00f6tchent\u00fcten an die verschiedenen Backwaren-Verkaufsstellen verteilt.<\/p>\n<p class=\"richtext text-em-55 !leading-serif mx-6 desktop:mx-0\">Schon das ganze Jahr \u00fcber ist die Feuerwehr W\u00fclfrath sehr aktiv bei der Mitgliederwerbung. So konnten Interessierte zum Beispiel an Infotagen teilnehmen, bei denen neben der Theorie auch ganz praktisch auf dem Feuerwehrgel\u00e4nde an der Wilhelmstra\u00dfe realit\u00e4tsnahe Eins\u00e4tze ge\u00fcbt wurden. Zudem hat Hann im Sommer einen Brief an Vereine und Institutionen geschrieben, um die Bedeutung der Feuerwehr f\u00fcr die Stadt und die Sicherheit zu betonen und neue Mitglieder anzuwerben.<\/p>\n<p class=\"richtext text-em-55 !leading-serif mx-6 desktop:mx-0\">Wer den Dienst in der Freiwilligen Feuerwehr aktiv unterst\u00fctzen m\u00f6chte, kann sich unverbindlich an der Feuer- und Rettungswache an der Wilhelmstra\u00dfe 8 informieren. Kontakt per Telefon 02058 18457 oder per E-Mail an <a href=\"https:\/\/rp-online.de\/nrw\/staedte\/wuelfrath\/mailto:feuerwehr@stadt.wuelfrath.de\" rel=\"nofollow noopener\" target=\"_blank\">feuerwehr@stadt.wuelfrath.de<\/a> erfolgen. An jedem Dienstag finden an der Feuerwache von 19 bis 21 Uhr auch \u00dcbungsdienste statt, bei denen man reinschnuppern kann.<\/p>\n","protected":false},"excerpt":{"rendered":"Was haben Br\u00f6tchen und Mitglieder der Freiwilligen Feuerwehr W\u00fclfrath gemeinsam? Den Teigrohlingen wird im Ofen und den Brandbek\u00e4mpfern&hellip;\n","protected":false},"author":2,"featured_media":666032,"comment_status":"","ping_status":"","sticky":false,"template":"","format":"standard","meta":{"footnotes":""},"categories":[1840],"tags":[50866,155251,155252,17294,3464,109156,3364,29,24175,987,985,24127,19691,30,1209,6437,107750,155253,36668,27167,4418],"class_list":{"0":"post-666031","1":"post","2":"type-post","3":"status-publish","4":"format-standard","5":"has-post-thumbnail","7":"category-wuppertal","8":"tag-50866","9":"tag-22feuerwehr","10":"tag-3afeuerwehr","11":"tag-40stadt","12":"tag-baeckerei","13":"tag-broetchentueten","14":"tag-de","15":"tag-deutschland","16":"tag-dienst","17":"tag-feuer","18":"tag-feuerwehr","19":"tag-feuerwehrleute","20":"tag-gefahrenabwehr","21":"tag-germany","22":"tag-nordrhein-westfalen","23":"tag-schmitz","24":"tag-tueten","25":"tag-uebungsdienste","26":"tag-wehr","27":"tag-wuelfrath","28":"tag-wuppertal"},"share_on_mastodon":{"url":"https:\/\/pubeurope.com\/@de\/115767277274844065","error":""},"_links":{"self":[{"href":"https:\/\/www.europesays.com\/de\/wp-json\/wp\/v2\/posts\/666031","targetHints":{"allow":["GET"]}}],"collection":[{"href":"https:\/\/www.europesays.com\/de\/wp-json\/wp\/v2\/posts"}],"about":[{"href":"https:\/\/www.europesays.com\/de\/wp-json\/wp\/v2\/types\/post"}],"author":[{"embeddable":true,"href":"https:\/\/www.europesays.com\/de\/wp-json\/wp\/v2\/users\/2"}],"replies":[{"embeddable":true,"href":"https:\/\/www.europesays.com\/de\/wp-json\/wp\/v2\/comments?post=666031"}],"version-history":[{"count":0,"href":"https:\/\/www.europesays.com\/de\/wp-json\/wp\/v2\/posts\/666031\/revisions"}],"wp:featuredmedia":[{"embeddable":true,"href":"https:\/\/www.europesays.com\/de\/wp-json\/wp\/v2\/media\/666032"}],"wp:attachment":[{"href":"https:\/\/www.europesays.com\/de\/wp-json\/wp\/v2\/media?parent=666031"}],"wp:term":[{"taxonomy":"category","embeddable":true,"href":"https:\/\/www.europesays.com\/de\/wp-json\/wp\/v2\/categories?post=666031"},{"taxonomy":"post_tag","embeddable":true,"href":"https:\/\/www.europesays.com\/de\/wp-json\/wp\/v2\/tags?post=666031"}],"curies":[{"name":"wp","href":"https:\/\/api.w.org\/{rel}","templated":true}]}}