{"id":666062,"date":"2025-12-23T05:58:13","date_gmt":"2025-12-23T05:58:13","guid":{"rendered":"https:\/\/www.europesays.com\/de\/666062\/"},"modified":"2025-12-23T05:58:13","modified_gmt":"2025-12-23T05:58:13","slug":"flic-flac-nuernberg-die-12-x-mas-show-2","status":"publish","type":"post","link":"https:\/\/www.europesays.com\/de\/666062\/","title":{"rendered":"Flic Flac N\u00fcrnberg &#8211; die 12. X-MAS Show"},"content":{"rendered":"<p>              Die Show der starken Charaktere \u2013 Ein unverwechselbares Spektakel<\/p>\n<p>FLIC FLAC N\u00fcrnberg feiert die 12. X-Mas Show auf dem Volksfestplatz \u2013 ein Spektakel, das mit jeder Ausgabe faszinierender wird. Vom 11. Dezember bis 11. Januar erwartet euch eine atemberaubende Inszenierung mit internationalen Artistengruppen, au\u00dfergew\u00f6hnlichen Duos und charismatischen Solisten. Die Showmacher Larissa Kastein und Zdenek Polach haben weltweit die besten K\u00fcnstler ausgew\u00e4hlt, um ein neues, hochkar\u00e4tiges Programm zu pr\u00e4sentieren.<\/p>\n<p>Die Show verbindet beeindruckende Gruppendarbietungen mit individuellen Highlights aus Akrobatik, Luftartistik, Comedy und K\u00f6rperbeherrschung. Der charismatische Zeremonienmeister f\u00fchrt als roter Faden durch das Programm und verbindet die 80-k\u00f6pfige internationale B\u00fchnefamilie zu einem unvergesslichen Erlebnis.<\/p>\n<p>Der Vorverkauf startet im April 2025 \u2013 sichert euch rechtzeitig Tickets! Im Juli gibt es detaillierte Infos zu den K\u00fcnstlern, und ab Oktober erlebt ihr auf Social Media spannende Einblicke hinter die Kulissen.<\/p>\n<p>Freut euch auf eine Show voller \u00dcberraschungen, Magie und unvergesslicher Momente \u2013 die 12. X-Mas Show wird das bisher spektakul\u00e4rste Kapitel der FLIC FLAC-Geschichte! Einlass: 1 Stunde vor Veranstaltungsbeginn <\/p>\n<p>           <a class=\"btn btn-primary btn-lg btn-block btn-icon-left btn-icon-right text-left shopping-button\" href=\"https:\/\/ticketshop-infranken.reservix.de\/p\/reservix\/event\/2380525\" target=\"_blank\" rel=\"sponsored noopener\">Hier Tickets bestellen<\/a><\/p>\n","protected":false},"excerpt":{"rendered":"Die Show der starken Charaktere \u2013 Ein unverwechselbares Spektakel FLIC FLAC N\u00fcrnberg feiert die 12. X-Mas Show auf&hellip;\n","protected":false},"author":2,"featured_media":666063,"comment_status":"","ping_status":"","sticky":false,"template":"","format":"standard","meta":{"footnotes":""},"categories":[1837],"tags":[772,3364,29,30,3783],"class_list":{"0":"post-666062","1":"post","2":"type-post","3":"status-publish","4":"format-standard","5":"has-post-thumbnail","7":"category-nuernberg","8":"tag-bayern","9":"tag-de","10":"tag-deutschland","11":"tag-germany","12":"tag-nuernberg"},"share_on_mastodon":{"url":"https:\/\/pubeurope.com\/@de\/115767352997171801","error":""},"_links":{"self":[{"href":"https:\/\/www.europesays.com\/de\/wp-json\/wp\/v2\/posts\/666062","targetHints":{"allow":["GET"]}}],"collection":[{"href":"https:\/\/www.europesays.com\/de\/wp-json\/wp\/v2\/posts"}],"about":[{"href":"https:\/\/www.europesays.com\/de\/wp-json\/wp\/v2\/types\/post"}],"author":[{"embeddable":true,"href":"https:\/\/www.europesays.com\/de\/wp-json\/wp\/v2\/users\/2"}],"replies":[{"embeddable":true,"href":"https:\/\/www.europesays.com\/de\/wp-json\/wp\/v2\/comments?post=666062"}],"version-history":[{"count":0,"href":"https:\/\/www.europesays.com\/de\/wp-json\/wp\/v2\/posts\/666062\/revisions"}],"wp:featuredmedia":[{"embeddable":true,"href":"https:\/\/www.europesays.com\/de\/wp-json\/wp\/v2\/media\/666063"}],"wp:attachment":[{"href":"https:\/\/www.europesays.com\/de\/wp-json\/wp\/v2\/media?parent=666062"}],"wp:term":[{"taxonomy":"category","embeddable":true,"href":"https:\/\/www.europesays.com\/de\/wp-json\/wp\/v2\/categories?post=666062"},{"taxonomy":"post_tag","embeddable":true,"href":"https:\/\/www.europesays.com\/de\/wp-json\/wp\/v2\/tags?post=666062"}],"curies":[{"name":"wp","href":"https:\/\/api.w.org\/{rel}","templated":true}]}}