{"id":666211,"date":"2025-12-23T07:26:23","date_gmt":"2025-12-23T07:26:23","guid":{"rendered":"https:\/\/www.europesays.com\/de\/666211\/"},"modified":"2025-12-23T07:26:23","modified_gmt":"2025-12-23T07:26:23","slug":"141-afghanen-mit-aufnahmezusage-landen","status":"publish","type":"post","link":"https:\/\/www.europesays.com\/de\/666211\/","title":{"rendered":"141 Afghanen mit Aufnahmezusage landen"},"content":{"rendered":"<p>Charterflug aus Islamabad <\/p>\n<p>141 Afghanen landen in Hannover<\/p>\n<p>23.12.2025 &#8211; 07:24 UhrLesedauer: 1 Min.<\/p>\n<p><a href=\"#focus-0\" class=\"transition-colors duration-200 block text-current relative\" data-sctrack=\"FocusGalleryImage.Reference\"><img fetchpriority=\"high\" data-testid=\"Opener.Image\" style=\"--lqipURL:url('https:\/\/images.t-online.de\/2025\/12\/9Wtdumnev7Cm\/9x0:2030x1142\/fit-in\/150x0\/filters:blur(25)\/ein-flugzeug-von-turkish-airlines-landet-am-flughafen-hannover-symbolbild-die-bundesregierung-holt-192-afghanen-per-charterflug.jpg')\"   loading=\"eager\" src=\"https:\/\/www.europesays.com\/de\/wp-content\/uploads\/2025\/12\/ein-flugzeug-von-turkish-airlines-landet-am-flughafen-hannover-symbolbild-die-bundesregierung-holt-1.jpeg\" alt=\"Ein Flugzeug von Turkish Airlines landet am Flughafen Hannover (Symbolbild): Die Bundesregierung holt 192 Afghanen per Charterflug.\" title=\"Ein Flugzeug von Turkish Airlines landet am Flughafen Hannover (Symbolbild): Die Bundesregierung holt 192 Afghanen per Charterflug.\" width=\"2030\" height=\"1142\" class=\"bg-[url:var(--lqipURL)] bg-cover bg-center flex h-full w-full max-w-full\" decoding=\"async\"\/><img style=\"--width:32;--height:32\" loading=\"lazy\" src=\"https:\/\/hannover.t-online.de\/s\/paper\/_next\/static\/media\/zoom-in.f7dae02f.svg\" alt=\"Vergr\u00f6\u00dfern des Bildes\" title=\"Vergr\u00f6\u00dfern des Bildes\" class=\"block h-[calc(var(--height)_\/_16_*_1rem)] w-[calc(var(--width)_\/_16_*_1rem)] max-w-none absolute bottom-8 right-8 rounded-4 bg-snow p-8\" decoding=\"async\"\/><\/a><\/p>\n<p>Ein Flugzeug von Turkish Airlines landet am Flughafen Hannover (Symbolbild): Die Bundesregierung holt 192 Afghanen per Charterflug. (Quelle: Julian Stratenschulte\/dpa-bilder)<\/p>\n<p class=\"font-bold text-18 leading-17\">Ein Charterflug bringt Afghanen mit Aufnahmezusage nach Deutschland. Sie landeten am Montag in Hannover.<\/p>\n<p class=\"text-18 leading-17\">Mit einem von der Bundesregierung organisierten Charterflug sind 141 Afghaninnen und Afghanen in Hannover gelandet. Wie ein Sprecher des Bundesinnenministeriums best\u00e4tigte, kamen die Eingereisten am Montag von Islamabad nach Niedersachsen.<\/p>\n<p class=\"text-18 leading-17\">Die Afghanen hatten nach der Macht\u00fcbernahme der Taliban eine Aufnahmezusage erhalten. Laut Bundesinnenministerium handelt es sich bei 123 Menschen um Teilnehmer des Bundesaufnahmeprogramms. An Bord waren zudem 18 Personen, die als fr\u00fchere Ortskr\u00e4fte oder deren Angeh\u00f6rige einreisen durften.<\/p>\n<p class=\"text-18 leading-17\">Die Eingereisten sollen sp\u00e4ter auf die Bundesl\u00e4nder verteilt werden. Nach Angaben des Bundesinnenministeriums befinden sich in Pakistan noch rund 45 Menschen im Ortskr\u00e4fteverfahren sowie 264 Menschen im Bundesaufnahmeprogramm.<\/p>\n<p class=\"text-18 leading-17\">Die Taliban hatten in der afghanischen Hauptstadt Kabul im August 2021 erneut die Macht \u00fcbernommen. Die Bundesregierung versprach ehemaligen Ortskr\u00e4ften deutscher Institutionen sowie weiteren Menschen, die man f\u00fcr besonders gef\u00e4hrdet hielt, eine Aufnahme in Deutschland. Im Koalitionsvertrag von CDU, CSU und SPD hei\u00dft es dann allerdings: &#8222;Wir werden freiwillige Bundesaufnahmeprogramme soweit wie m\u00f6glich beenden (zum Beispiel Afghanistan) und keine neuen Programme auflegen.&#8220;<\/p>\n","protected":false},"excerpt":{"rendered":"Charterflug aus Islamabad 141 Afghanen landen in Hannover 23.12.2025 &#8211; 07:24 UhrLesedauer: 1 Min. Ein Flugzeug von Turkish&hellip;\n","protected":false},"author":2,"featured_media":666212,"comment_status":"","ping_status":"","sticky":false,"template":"","format":"standard","meta":{"footnotes":""},"categories":[1836],"tags":[722,17161,83028,18647,1173,28919,3364,29,76601,30,46,79885,1411,15451,48455],"class_list":{"0":"post-666211","1":"post","2":"type-post","3":"status-publish","4":"format-standard","5":"has-post-thumbnail","7":"category-hannover","8":"tag-722","9":"tag-17161","10":"tag-aufnahmezusage","11":"tag-bundesinnenministerium","12":"tag-bundesregierung","13":"tag-charterflug","14":"tag-de","15":"tag-deutschland","16":"tag-flughafen-hannover-langenhagen","17":"tag-germany","18":"tag-hannover","19":"tag-islamabad","20":"tag-niedersachsen","21":"tag-taliban","22":"tag-turkish-airlines"},"share_on_mastodon":{"url":"https:\/\/pubeurope.com\/@de\/115767698053650109","error":""},"_links":{"self":[{"href":"https:\/\/www.europesays.com\/de\/wp-json\/wp\/v2\/posts\/666211","targetHints":{"allow":["GET"]}}],"collection":[{"href":"https:\/\/www.europesays.com\/de\/wp-json\/wp\/v2\/posts"}],"about":[{"href":"https:\/\/www.europesays.com\/de\/wp-json\/wp\/v2\/types\/post"}],"author":[{"embeddable":true,"href":"https:\/\/www.europesays.com\/de\/wp-json\/wp\/v2\/users\/2"}],"replies":[{"embeddable":true,"href":"https:\/\/www.europesays.com\/de\/wp-json\/wp\/v2\/comments?post=666211"}],"version-history":[{"count":0,"href":"https:\/\/www.europesays.com\/de\/wp-json\/wp\/v2\/posts\/666211\/revisions"}],"wp:featuredmedia":[{"embeddable":true,"href":"https:\/\/www.europesays.com\/de\/wp-json\/wp\/v2\/media\/666212"}],"wp:attachment":[{"href":"https:\/\/www.europesays.com\/de\/wp-json\/wp\/v2\/media?parent=666211"}],"wp:term":[{"taxonomy":"category","embeddable":true,"href":"https:\/\/www.europesays.com\/de\/wp-json\/wp\/v2\/categories?post=666211"},{"taxonomy":"post_tag","embeddable":true,"href":"https:\/\/www.europesays.com\/de\/wp-json\/wp\/v2\/tags?post=666211"}],"curies":[{"name":"wp","href":"https:\/\/api.w.org\/{rel}","templated":true}]}}